{"id":990,"date":"2026-03-29T19:26:26","date_gmt":"2026-03-30T01:26:26","guid":{"rendered":"https:\/\/mexicotoxico.org.mx\/noticias\/?p=990"},"modified":"2026-03-29T19:26:26","modified_gmt":"2026-03-30T01:26:26","slug":"emiten-declaratoria-de-polo-de-economia-circular-en-puebla-cruza-region-hidrologica","status":"publish","type":"post","link":"https:\/\/mexicotoxico.org.mx\/noticias\/index.php\/2026\/03\/29\/emiten-declaratoria-de-polo-de-economia-circular-en-puebla-cruza-region-hidrologica\/","title":{"rendered":"Emiten declaratoria de Polo de Econom\u00eda Circular en Puebla; cruza regi\u00f3n hidrol\u00f3gica"},"content":{"rendered":"\n<p>La Conabio y la Conafor identificaron que la planta de reciclaje coincide con la Cuenca Oriental, regi\u00f3n enfocada en salvaguardar cultivos clave como ma\u00edz, frijol, calabaza y chile<br><br>La&nbsp;<strong>Semarnat emiti\u00f3 la declaratoria<\/strong>&nbsp;del&nbsp;<strong>Polo de Desarrollo de Econom\u00eda Circular para el Bienestar Puebla<\/strong>,&nbsp;<strong>en el municipio de San Jos\u00e9 Chiapa<\/strong>. El predio se intersecta con la&nbsp;<strong>Regi\u00f3n Hidrol\u00f3gica Prioritaria RHP-70 Cuenca Oriental<\/strong>,&nbsp;<strong>que salvaguarda los cultivos de ma\u00edz, frijol, calabaza y chile.<\/strong><\/p>\n\n\n\n<p>As\u00ed lo inform\u00f3 la Secretar\u00eda de Medio Ambiente y Recursos Naturales&nbsp;<strong><a href=\"https:\/\/www.gob.mx\/semarnat\" target=\"_blank\" rel=\"noreferrer noopener\">(Semarnat<\/a>), encabezada por Alicia Isabel Adriana B\u00e1rcena Ibarra<\/strong>, en el Diario Oficial de la Federaci\u00f3n (<strong>DOF<\/strong>) este lunes 2 de marzo.<\/p>\n\n\n\n<p>En el documento, se detall\u00f3 que el\u00a0<strong><a href=\"https:\/\/www.angulo7.com.mx\/2025\/noticias-puebla\/como-sera-el-parque-de-economia-circular-en-puebla-asi-se-proyecto-en-hidalgo\/665651\/\" target=\"_blank\" rel=\"noreferrer noopener\">Polo<\/a>\u00a0de Econom\u00eda Circular en Puebla<\/strong>\u00a0estar\u00e1 en una superficie de\u00a0<strong>40.4280 hect\u00e1reas<\/strong>, es decir, abarca tres pol\u00edgonos del municipio de San Jos\u00e9 Chiapa.<\/p>\n\n\n\n<p>El predio colinda con los municipios de&nbsp;<strong>Libres,<\/strong>&nbsp;con 37 mil 257 habitantes;&nbsp;<strong>Nopalucan<\/strong>, con 32 mil 772;&nbsp;<strong>Oriental<\/strong>, con 19 mil 903<strong>; Rafael Lara Grajales<\/strong>, con 15 mil 952;&nbsp;<strong>San Jos\u00e9 Chiapa,&nbsp;<\/strong>con 10 mil 443. En la zona, habitan 116 mil 327 pobladores.<\/p>\n\n\n\n<p><\/p>\n\n\n\n<h2 class=\"wp-block-heading\" id=\"h-polo-de-economia-circular-en-puebla-cruza-region-de-cultivos-nbsp\"><strong>Polo de Econom\u00eda Circular en Puebla cruza regi\u00f3n de cultivos&nbsp;<\/strong><\/h2>\n\n\n\n<p>Sin embargo,&nbsp;<strong>el Polo de Econom\u00eda Circular en Puebla<\/strong>&nbsp;se&nbsp;<strong>intersecta con la Regi\u00f3n Hidrol\u00f3gica Prioritaria RHP-70 Cuenca Oriental,&nbsp;<\/strong>\u00e1reas prioritarias para la conservaci\u00f3n de&nbsp;<strong>parientes silvestres de cultivos mesoamericanos y corredores bioclim\u00e1ticos.<\/strong><\/p>\n\n\n\n<p>Es decir<strong>,&nbsp;<\/strong>la Comisi\u00f3n Nacional para el Conocimiento y Uso de la Biodiversidad (<strong>Conabio) y la Comisi\u00f3n Nacional Forestal (<a href=\"https:\/\/www.gob.mx\/conafor\" target=\"_blank\" rel=\"noreferrer noopener\">Conafor<\/a>)<\/strong>, identificaron que la&nbsp;<strong>planta de reciclaje coincide<\/strong>&nbsp;con una regi\u00f3n&nbsp;<strong>enfocada en salvaguardar&nbsp;<\/strong>especies silvestres de<strong>cultivos clave como ma\u00edz, frijol, calabaza y chile.<\/strong><\/p>\n\n\n\n<p><strong>De este modo, en la declaratoria la Semarnat se comprometi\u00f3 a analizar las autorizaciones ambientales<\/strong>, pudiendo derivar en&nbsp;<strong>medidas de prevenci\u00f3n, mitigaci\u00f3n o condicionantes espec\u00edficas.<\/strong><\/p>\n\n\n\n<p><\/p>\n\n\n\n<p>Adicionalmente, los&nbsp;<strong>desarrolladores o empresas instaladas en el Polo de Econom\u00eda Circular en Puebla deben&nbsp;<\/strong>entregar a la dependencia federal un&nbsp;<strong>reporte trimestral de descontaminaci\u00f3n local, municipal o regional.<\/strong><\/p>\n\n\n\n<p>Asimismo, el gobierno de Puebla, a cargo de Alejandro&nbsp;<a href=\"https:\/\/www.angulo7.com.mx\/2025\/noticias-puebla\/armenta-respalda-parque-de-economia-circular-que-semarnat-construira-en-puebla\/665090\/\" target=\"_blank\" rel=\"noreferrer noopener\">Armenta<\/a>&nbsp;Mier, se compromete a&nbsp;<strong>destinar a t\u00edtulo gratuito, hasta el 8 por ciento del centro de reciclaje<\/strong>&nbsp;<strong>a instituciones p\u00fablicas de investigaci\u00f3n<\/strong>&nbsp;<strong>o educaci\u00f3n superior<\/strong>.<\/p>\n\n\n\n<p>Es de menci\u00f3n, que actualmente, la&nbsp;<strong>Regi\u00f3n Hidrol\u00f3gica Prioritaria RHP-70 Cuenca Oriental es impactada por agentes t\u00f3xicos y contaminante de Granjas Carroll. Adem\u00e1s de&nbsp;<\/strong>la empresa Driscoll, procesadora de alimentos, exportadoras de fresas y berries, granjas de aves. As\u00ed como parques de celdas fotovolt\u00e1icas (Iberdrola), cerveceras Cuauht\u00e9moc y la planta Audi.<\/p>\n\n\n\n<p><a href=\"https:\/\/www.google.com\/maps\/embed?pb=!1m14!1m8!1m3!1d14557.960234847124!2d-97.76355496157616!3d19.2318328975654!3m2!1i1024!2i768!4f13.1!3m3!1m2!1s0x85c557e411ff820d%3A0xbd69524868b6349a!2sBlvd.%20Industria%20Automotriz%2C%20Puebla!5e1!3m2!1ses!2smx!4v1772474756516!5m2!1ses!2smx\">https:\/\/www.google.com\/maps\/embed?pb=!1m14!1m8!1m3!1d14557.960234847124!2d-97.76355496157616!3d19.2318328975654!3m2!1i1024!2i768!4f13.1!3m3!1m2!1s0x85c557e411ff820d%3A0xbd69524868b6349a!2sBlvd.%20Industria%20Automotriz%2C%20Puebla!5e1!3m2!1ses!2smx!4v1772474756516!5m2!1ses!2smx<\/a><\/p>\n","protected":false},"excerpt":{"rendered":"<p>La Conabio y la Conafor identificaron que la planta de reciclaje coincide con la Cuenca Oriental, regi\u00f3n enfocada en salvaguardar cultivos clave como ma\u00edz, frijol, calabaza y chile La&nbsp;Semarnat emiti\u00f3 la declaratoria&nbsp;del&nbsp;Polo de Desarrollo de Econom\u00eda Circular para el Bienestar Puebla,&nbsp;en el municipio de San Jos\u00e9 Chiapa. El predio se intersecta con la&nbsp;Regi\u00f3n Hidrol\u00f3gica Prioritaria&#8230;<\/p>\n","protected":false},"author":1,"featured_media":991,"comment_status":"open","ping_status":"closed","sticky":false,"template":"","format":"standard","meta":{"footnotes":""},"categories":[8],"tags":[],"class_list":["post-990","post","type-post","status-publish","format-standard","has-post-thumbnail","hentry","category-puebla-basura"],"_links":{"self":[{"href":"https:\/\/mexicotoxico.org.mx\/noticias\/index.php\/wp-json\/wp\/v2\/posts\/990","targetHints":{"allow":["GET"]}}],"collection":[{"href":"https:\/\/mexicotoxico.org.mx\/noticias\/index.php\/wp-json\/wp\/v2\/posts"}],"about":[{"href":"https:\/\/mexicotoxico.org.mx\/noticias\/index.php\/wp-json\/wp\/v2\/types\/post"}],"author":[{"embeddable":true,"href":"https:\/\/mexicotoxico.org.mx\/noticias\/index.php\/wp-json\/wp\/v2\/users\/1"}],"replies":[{"embeddable":true,"href":"https:\/\/mexicotoxico.org.mx\/noticias\/index.php\/wp-json\/wp\/v2\/comments?post=990"}],"version-history":[{"count":1,"href":"https:\/\/mexicotoxico.org.mx\/noticias\/index.php\/wp-json\/wp\/v2\/posts\/990\/revisions"}],"predecessor-version":[{"id":992,"href":"https:\/\/mexicotoxico.org.mx\/noticias\/index.php\/wp-json\/wp\/v2\/posts\/990\/revisions\/992"}],"wp:featuredmedia":[{"embeddable":true,"href":"https:\/\/mexicotoxico.org.mx\/noticias\/index.php\/wp-json\/wp\/v2\/media\/991"}],"wp:attachment":[{"href":"https:\/\/mexicotoxico.org.mx\/noticias\/index.php\/wp-json\/wp\/v2\/media?parent=990"}],"wp:term":[{"taxonomy":"category","embeddable":true,"href":"https:\/\/mexicotoxico.org.mx\/noticias\/index.php\/wp-json\/wp\/v2\/categories?post=990"},{"taxonomy":"post_tag","embeddable":true,"href":"https:\/\/mexicotoxico.org.mx\/noticias\/index.php\/wp-json\/wp\/v2\/tags?post=990"}],"curies":[{"name":"wp","href":"https:\/\/api.w.org\/{rel}","templated":true}]}}