{"id":980,"date":"2026-03-29T18:37:21","date_gmt":"2026-03-30T00:37:21","guid":{"rendered":"https:\/\/mexicotoxico.org.mx\/noticias\/?p=980"},"modified":"2026-03-29T18:37:21","modified_gmt":"2026-03-30T00:37:21","slug":"polo-de-reciclaje-rechazado-en-hidalgo-ahora-enfrenta-rechazo-en-puebla","status":"publish","type":"post","link":"https:\/\/mexicotoxico.org.mx\/noticias\/index.php\/2026\/03\/29\/polo-de-reciclaje-rechazado-en-hidalgo-ahora-enfrenta-rechazo-en-puebla\/","title":{"rendered":"Polo de reciclaje rechazado en Hidalgo ahora enfrenta rechazo en Puebla"},"content":{"rendered":"\n<p>Pobladores del municipio de San Jos\u00e9 Chiapa, Puebla, exigieron al presidente municipal no ceder el espacio.<\/p>\n\n\n\n<p><\/p>\n\n\n\n<p>El proyecto del <strong>Polo de Econom\u00eda Circular<\/strong> que consiste en una <strong>recicladora de desechos<\/strong>, fue rechazado esta ma\u00f1ana por <strong>vecinos<\/strong> del municipio de <strong>San Jos\u00e9 Chiapa<\/strong>, en donde se busca instalar.<\/p>\n\n\n\n<p>La recicladora, formalmente llamada <strong>Polo de Econom\u00eda Circular<\/strong>, fue rechazada en el mes de diciembre en el estado de Hidalgo, en donde se aplic\u00f3 una <strong>consulta ind\u00edgena<\/strong> y la mayor\u00eda lo rechaz\u00f3.<\/p>\n\n\n\n<p>En el <strong>primer bimestre<\/strong> del a\u00f1o el proyecto fue <strong>perfilado para Puebla<\/strong>, en el mismo municipio en donde se ubica <a href=\"https:\/\/www.posta.com.mx\/mexico\/huelga-y-paros-tecnicos-merman-ventas-de-audi-y-volkswagen-en-el-extranjero\/vl1740211\" target=\"_blank\" rel=\"noreferrer noopener\">la planta automotriz de Audi<\/a>, y ahora que la poblaci\u00f3n ya se enter\u00f3 del tema, tambi\u00e9n se manifestaron para rechazarlo.<\/p>\n\n\n\n<figure class=\"wp-block-image\"><img decoding=\"async\" src=\"https:\/\/blob.posta.com.mx\/images\/2026\/03\/26\/whatsapp-image-2026-03-25-at-45214-pm-8d481625.jpeg\" alt=\"imagen-cuerpo\" title=\"imagen-cuerpo\"\/><\/figure>\n\n\n\n<p>Protestas en&nbsp;<strong>San Jos\u00e9 Chiapa<\/strong> Foto: Carlos Rocha<\/p>\n\n\n\n<p><\/p>\n\n\n\n<h2 class=\"wp-block-heading\">\u00bfQu\u00e9 pas\u00f3 en <strong>San Jos\u00e9 Chiapa<\/strong>, Puebla, con el <strong>Polo de Econom\u00eda Circular<\/strong>?<\/h2>\n\n\n\n<p>Este mi\u00e9rcoles por la ma\u00f1ana la poblaci\u00f3n se present\u00f3 en el z\u00f3calo del municipio para atender una cita con los <strong>funcionarios del ayuntamiento<\/strong> porque supuestamente habr\u00eda un <strong>Cabildo Abierto<\/strong>.<\/p>\n\n\n\n<p>La poblaci\u00f3n se empez\u00f3 a congregar y a las <strong>10 de la ma\u00f1ana<\/strong> dos l\u00edderes empezaron a informar sobre el <strong>Polo de Econom\u00eda Circular<\/strong>.<\/p>\n\n\n\n<p>Cerca de <strong>200 personas<\/strong> coreaban que no quer\u00edan una <strong>recicladora de desechos<\/strong> en su municipio, se consideraron el pueblo <strong>v\u00edctima de Puebla<\/strong> pues anteriormente ya les fueron a instalar la planta de Audi que realmente no gener\u00f3 diferencia entre la comunidad.<\/p>\n\n\n\n<p>Una hora despu\u00e9s, a las <strong>11 de la ma\u00f1ana<\/strong> sali\u00f3 el <strong>presidente municipal<\/strong> con el cuerpo de regidores, frente a frente con la poblaci\u00f3n el alcalde <strong>Alejandro Hern\u00e1ndez<\/strong> intent\u00f3 hablar, pero la poblaci\u00f3n le exigi\u00f3 que se fuera para la plaza p\u00fablica, con el equipo de sonido que la gente ten\u00eda.<\/p>\n\n\n\n<p>Finalmente, el presidente accedi\u00f3. Despu\u00e9s ley\u00f3 un <strong>documento de cinco hojas<\/strong> en donde explic\u00f3 que es un <strong>proyecto de la federaci\u00f3n<\/strong> y del <strong>gobierno del estado<\/strong> y que a\u00fan no se ha informado a detall\u00e9 c\u00f3mo es que ser\u00e1.<\/p>\n\n\n\n<figure class=\"wp-block-image\"><img decoding=\"async\" src=\"https:\/\/blob.posta.com.mx\/images\/2026\/03\/26\/whatsapp-image-2026-03-25-at-45215-pm-3fe32ea4.jpeg\" alt=\"imagen-cuerpo\" title=\"imagen-cuerpo\"\/><\/figure>\n\n\n\n<p>Protestas en&nbsp;<strong>San Jos\u00e9 Chiapa<\/strong> Foto: <strong>Carlos Rocha<\/strong><\/p>\n\n\n\n<p><a href=\"https:\/\/www.posta.com.mx\/mexico\/polo-de-reciclaje-rechazado-en-hidalgo-ahora-enfrenta-rechazo-en-puebla-video\/v-vl2181906\">https:\/\/www.posta.com.mx\/mexico\/polo-de-reciclaje-rechazado-en-hidalgo-ahora-enfrenta-rechazo-en-puebla-video\/v-vl2181906<\/a><\/p>\n","protected":false},"excerpt":{"rendered":"<p>Pobladores del municipio de San Jos\u00e9 Chiapa, Puebla, exigieron al presidente municipal no ceder el espacio. El proyecto del Polo de Econom\u00eda Circular que consiste en una recicladora de desechos, fue rechazado esta ma\u00f1ana por vecinos del municipio de San Jos\u00e9 Chiapa, en donde se busca instalar. La recicladora, formalmente llamada Polo de Econom\u00eda Circular,&#8230;<\/p>\n","protected":false},"author":1,"featured_media":981,"comment_status":"open","ping_status":"closed","sticky":false,"template":"","format":"standard","meta":{"footnotes":""},"categories":[2,8],"tags":[],"class_list":["post-980","post","type-post","status-publish","format-standard","has-post-thumbnail","hentry","category-basura","category-puebla-basura"],"_links":{"self":[{"href":"https:\/\/mexicotoxico.org.mx\/noticias\/index.php\/wp-json\/wp\/v2\/posts\/980","targetHints":{"allow":["GET"]}}],"collection":[{"href":"https:\/\/mexicotoxico.org.mx\/noticias\/index.php\/wp-json\/wp\/v2\/posts"}],"about":[{"href":"https:\/\/mexicotoxico.org.mx\/noticias\/index.php\/wp-json\/wp\/v2\/types\/post"}],"author":[{"embeddable":true,"href":"https:\/\/mexicotoxico.org.mx\/noticias\/index.php\/wp-json\/wp\/v2\/users\/1"}],"replies":[{"embeddable":true,"href":"https:\/\/mexicotoxico.org.mx\/noticias\/index.php\/wp-json\/wp\/v2\/comments?post=980"}],"version-history":[{"count":1,"href":"https:\/\/mexicotoxico.org.mx\/noticias\/index.php\/wp-json\/wp\/v2\/posts\/980\/revisions"}],"predecessor-version":[{"id":982,"href":"https:\/\/mexicotoxico.org.mx\/noticias\/index.php\/wp-json\/wp\/v2\/posts\/980\/revisions\/982"}],"wp:featuredmedia":[{"embeddable":true,"href":"https:\/\/mexicotoxico.org.mx\/noticias\/index.php\/wp-json\/wp\/v2\/media\/981"}],"wp:attachment":[{"href":"https:\/\/mexicotoxico.org.mx\/noticias\/index.php\/wp-json\/wp\/v2\/media?parent=980"}],"wp:term":[{"taxonomy":"category","embeddable":true,"href":"https:\/\/mexicotoxico.org.mx\/noticias\/index.php\/wp-json\/wp\/v2\/categories?post=980"},{"taxonomy":"post_tag","embeddable":true,"href":"https:\/\/mexicotoxico.org.mx\/noticias\/index.php\/wp-json\/wp\/v2\/tags?post=980"}],"curies":[{"name":"wp","href":"https:\/\/api.w.org\/{rel}","templated":true}]}}