{"id":976,"date":"2026-03-29T18:27:38","date_gmt":"2026-03-30T00:27:38","guid":{"rendered":"https:\/\/mexicotoxico.org.mx\/noticias\/?p=976"},"modified":"2026-03-29T18:29:09","modified_gmt":"2026-03-30T00:29:09","slug":"puebla-destina-terreno-de-mas-de-67-mil-metros-cuadrados-para-polo-de-economia-circular","status":"publish","type":"post","link":"https:\/\/mexicotoxico.org.mx\/noticias\/index.php\/2026\/03\/29\/puebla-destina-terreno-de-mas-de-67-mil-metros-cuadrados-para-polo-de-economia-circular\/","title":{"rendered":"Puebla destina terreno de m\u00e1s de 67 mil metros cuadrados para Polo de Econom\u00eda Circular"},"content":{"rendered":"\n<h1 class=\"wp-block-heading\"><\/h1>\n\n\n\n<h2 class=\"wp-block-heading\">El predio corresponde a una fracci\u00f3n dentro de un inmueble de mayor extensi\u00f3n, integrado por terrenos de la antigua hacienda de San Miguel del Salado y otras 25 parcelas.<\/h2>\n\n\n\n<p><\/p>\n\n\n\n<p><a href=\"https:\/\/twitter.com\/Luclamari\" target=\"_blank\" rel=\"noreferrer noopener\"><\/a><a href=\"https:\/\/twitter.com\/Luclamari\" target=\"_blank\" rel=\"noreferrer noopener\">@Luclamari<\/a><\/p>\n\n\n\n<p>Actualizado a: 22\/03\/2026 13<\/p>\n\n\n\n<p><img loading=\"lazy\" decoding=\"async\" width=\"640\" height=\"360\" src=\"https:\/\/assets.intoleranciadiario.com\/media\/images\/terreno-intolerancia-1774202375834.png\" alt=\"Foto: Es Imagen\"><\/p>\n\n\n\n<p>Foto: Es Imagen<\/p>\n\n\n\n<p><\/p>\n\n\n\n<p>El gobierno de Puebla <strong>destin\u00f3 un terreno de 67 mil 91.76 metros cuadrados<\/strong> a la Secretar\u00eda de Medio Ambiente para la creaci\u00f3n de un Polo de Econom\u00eda Circular en la regi\u00f3n de San Jos\u00e9 Chiapa.<\/p>\n\n\n\n<p>La medida fue oficializada mediante su publicaci\u00f3n en el Peri\u00f3dico Oficial del Estado (POE), donde se establece que el predio corresponde a una fracci\u00f3n dentro de un inmueble de mayor extensi\u00f3n, integrado por terrenos de la <strong>antigua hacienda de San Miguel del Salado<\/strong> y otras 25 parcelas, propiedad del estado.<\/p>\n\n\n\n<p>De acuerdo con el documento, la Direcci\u00f3n de Bienes Muebles e Inmuebles, adscrita a la Secretar\u00eda de Planeaci\u00f3n, Finanzas y Administraci\u00f3n (SPFA), ser\u00e1 la <strong>encargada de supervisar<\/strong> que el terreno se utilice conforme al objetivo establecido.<\/p>\n\n\n\n<p>Por su parte, la Secretar\u00eda de Medio Ambiente deber\u00e1 gestionar los recursos necesarios para el <strong>acondicionamiento del espacio<\/strong>, adem\u00e1s de cumplir con la normatividad vigente y tramitar los permisos, autorizaciones y factibilidades requeridas para su operaci\u00f3n.<\/p>\n\n\n\n<p>Asimismo, tendr\u00e1 bajo su <strong>responsabilidad <\/strong>la conservaci\u00f3n, mantenimiento, vigilancia y administraci\u00f3n del inmueble, as\u00ed como el pago de servicios y las cargas administrativas y fiscales correspondientes, con la posibilidad de solicitar exenciones cuando aplique.<\/p>\n\n\n\n<p>Este proyecto est\u00e1 vinculado al desarrollo del <strong>Polo de Desarrollo de San Jos\u00e9 Chiapa<\/strong>, un complejo industrial orientado a atraer inversiones en sectores de alta tecnolog\u00eda como electromovilidad, semiconductores y autopartes.<\/p>\n\n\n\n<p>El plan del gobierno estatal contempla un <strong>pol\u00edgono inicial de 275 hect\u00e1reas<\/strong>, con posibilidad de expansi\u00f3n hasta 500, de las cuales actualmente 217.6 ya cuentan con infraestructura y urbanizaci\u00f3n.<\/p>\n\n\n\n<p>Adem\u00e1s, el polo posee <strong>conectividad estrat\u00e9gica<\/strong> mediante las autopistas Amozoc-Perote y el Arco Norte, lo que permite su enlace con el Valle de M\u00e9xico y los puertos del Golfo, fortaleciendo su potencial log\u00edstico e industrial.<\/p>\n\n\n\n<p><a href=\"https:\/\/intoleranciadiario.com\/articles\/gobierno\/2026\/03\/22\/1050520-puebla-destina-terreno-de-mas-de-67-mil-metros-cuadrados-para-polo-de-economia-circular.html\">https:\/\/intoleranciadiario.com\/articles\/gobierno\/2026\/03\/22\/1050520-puebla-destina-terreno-de-mas-de-67-mil-metros-cuadrados-para-polo-de-economia-circular.html<\/a><\/p>\n","protected":false},"excerpt":{"rendered":"<p>El predio corresponde a una fracci\u00f3n dentro de un inmueble de mayor extensi\u00f3n, integrado por terrenos de la antigua hacienda de San Miguel del Salado y otras 25 parcelas. @Luclamari Actualizado a: 22\/03\/2026 13 Foto: Es Imagen El gobierno de Puebla destin\u00f3 un terreno de 67 mil 91.76 metros cuadrados a la Secretar\u00eda de Medio&#8230;<\/p>\n","protected":false},"author":1,"featured_media":978,"comment_status":"closed","ping_status":"closed","sticky":false,"template":"","format":"standard","meta":{"footnotes":""},"categories":[2,8],"tags":[],"class_list":["post-976","post","type-post","status-publish","format-standard","has-post-thumbnail","hentry","category-basura","category-puebla-basura"],"_links":{"self":[{"href":"https:\/\/mexicotoxico.org.mx\/noticias\/index.php\/wp-json\/wp\/v2\/posts\/976","targetHints":{"allow":["GET"]}}],"collection":[{"href":"https:\/\/mexicotoxico.org.mx\/noticias\/index.php\/wp-json\/wp\/v2\/posts"}],"about":[{"href":"https:\/\/mexicotoxico.org.mx\/noticias\/index.php\/wp-json\/wp\/v2\/types\/post"}],"author":[{"embeddable":true,"href":"https:\/\/mexicotoxico.org.mx\/noticias\/index.php\/wp-json\/wp\/v2\/users\/1"}],"replies":[{"embeddable":true,"href":"https:\/\/mexicotoxico.org.mx\/noticias\/index.php\/wp-json\/wp\/v2\/comments?post=976"}],"version-history":[{"count":1,"href":"https:\/\/mexicotoxico.org.mx\/noticias\/index.php\/wp-json\/wp\/v2\/posts\/976\/revisions"}],"predecessor-version":[{"id":977,"href":"https:\/\/mexicotoxico.org.mx\/noticias\/index.php\/wp-json\/wp\/v2\/posts\/976\/revisions\/977"}],"wp:featuredmedia":[{"embeddable":true,"href":"https:\/\/mexicotoxico.org.mx\/noticias\/index.php\/wp-json\/wp\/v2\/media\/978"}],"wp:attachment":[{"href":"https:\/\/mexicotoxico.org.mx\/noticias\/index.php\/wp-json\/wp\/v2\/media?parent=976"}],"wp:term":[{"taxonomy":"category","embeddable":true,"href":"https:\/\/mexicotoxico.org.mx\/noticias\/index.php\/wp-json\/wp\/v2\/categories?post=976"},{"taxonomy":"post_tag","embeddable":true,"href":"https:\/\/mexicotoxico.org.mx\/noticias\/index.php\/wp-json\/wp\/v2\/tags?post=976"}],"curies":[{"name":"wp","href":"https:\/\/api.w.org\/{rel}","templated":true}]}}