{"id":943,"date":"2026-03-17T19:32:34","date_gmt":"2026-03-18T01:32:34","guid":{"rendered":"https:\/\/mexicotoxico.org.mx\/noticias\/?p=943"},"modified":"2026-03-17T19:32:34","modified_gmt":"2026-03-18T01:32:34","slug":"pemex-confirma-5-muertos-tras-incendio-en-refineria-dos-bocas","status":"publish","type":"post","link":"https:\/\/mexicotoxico.org.mx\/noticias\/index.php\/2026\/03\/17\/pemex-confirma-5-muertos-tras-incendio-en-refineria-dos-bocas\/","title":{"rendered":"Pemex confirma 5 muertos tras incendio en refiner\u00eda Dos Bocas"},"content":{"rendered":"\n<h2 class=\"wp-block-heading\">La paraestatal atribuy\u00f3 el siniestro al desborde de aguas aceitosas provocado por lluvias.<\/h2>\n\n\n\n<figure class=\"wp-block-image\"><img decoding=\"async\" src=\"https:\/\/tvazteca.brightspotcdn.com\/dims4\/default\/a4ea765\/2147483647\/strip\/true\/crop\/1299x732+1+0\/resize\/740x417!\/format\/webp\/quality\/100\/?url=http%3A%2F%2Ftv-azteca-brightspot.s3.amazonaws.com%2Fc5%2Ff1%2F463cbedf4331b9fa8cfa254c829f%2Fdiseno-sin-titulo-2026-03-17t162124-963.jpg\" alt=\"Tras incendio en refiner\u00eda de Dos Bocas, Pemex informa la muerte de cinco personas\"\/><figcaption class=\"wp-element-caption\">|Archivo TV Azteca<\/figcaption><\/figure>\n\n\n\n<p>Publicado 17\/03\/2026 | \ud83d\udd51 16:04<\/p>\n\n\n\n<p>| Actualizado \ud83d\udd51 16:21<\/p>\n\n\n\n<p><\/p>\n\n\n\n<p>Escrito por:&nbsp;<a href=\"https:\/\/www.adn40.mx\/majo-santillan-gonzalez\" target=\"_blank\" rel=\"noreferrer noopener\">Majo Santill\u00e1n Gonz\u00e1lez<\/a><\/p>\n\n\n\n<ul class=\"wp-block-list\"><\/ul>\n\n\n\n<p><strong>Petr\u00f3leos Mexicanos<\/strong> (Pemex) confirm\u00f3 la muerte de <strong>cinco personas<\/strong> tras el incendio registrado en las inmediaciones de la refiner\u00eda Olmeca, en Dos Bocas, Tabasco. La paraestatal atribuy\u00f3 el siniestro al <strong>desborde de aguas aceitosas provocado por lluvias<\/strong>.<\/p>\n\n\n\n<p><\/p>\n\n\n\n<p>\u00abPemex confirm\u00f3 que, debido a las fuertes lluvias que ocasionaron el desborde de aguas aceitosas hacia afuera de la refiner\u00eda Olmeca, hubo un estancamiento y la posterior ignici\u00f3n del l\u00edquido en el exterior de la barda perimetral de la instalaci\u00f3n\u00bb, indic\u00f3 en un comunicado.<\/p>\n\n\n\n<p id=\"smartblock-placeholder-desc\">Sus ajustes de Firefox han impedido que este contenido le rastreara en diferentes sitios o se usara para publicidad.<\/p>\n\n\n\n<p><\/p>\n\n\n\n<p>\ud83d\udccdPemex mantiene atenci\u00f3n al incidente ocurrido al exterior de la Refiner\u00eda Olmeca.<\/p>\n\n\n\n<p>Comunicado nacional: <a href=\"https:\/\/t.co\/v2tzky7Vez\" target=\"_blank\" rel=\"noreferrer noopener\">https:\/\/t.co\/v2tzky7Vez<\/a><a href=\"https:\/\/t.co\/YbZJoBqRlg\" target=\"_blank\" rel=\"noreferrer noopener\">pic.twitter.com\/YbZJoBqRlg<\/a>\u2014 Petr\u00f3leos Mexicanos (@Pemex) <a href=\"https:\/\/twitter.com\/Pemex\/status\/2034011573442752695?ref_src=twsrc%5Etfw\" target=\"_blank\" rel=\"noreferrer noopener\">March 17, 2026<\/a><\/p>\n\n\n\n<p>\u00abComo consecuencia de estos hechos, lamentablemente cinco personas perdieron la vida, entre ellos, una trabajadora de Pemex\u00bb, agreg\u00f3..<\/p>\n\n\n\n<p>La empresa expres\u00f3 sus condolencias a familiares y amigos, asegurando que se brinda atenci\u00f3n integral y acompa\u00f1amiento a las personas lesionadas para garantizar que reciban los cuidados m\u00e9dicos necesarios<\/p>\n","protected":false},"excerpt":{"rendered":"<p>La paraestatal atribuy\u00f3 el siniestro al desborde de aguas aceitosas provocado por lluvias. Publicado 17\/03\/2026 | \ud83d\udd51 16:04 | Actualizado \ud83d\udd51 16:21 Escrito por:&nbsp;Majo Santill\u00e1n Gonz\u00e1lez Petr\u00f3leos Mexicanos (Pemex) confirm\u00f3 la muerte de cinco personas tras el incendio registrado en las inmediaciones de la refiner\u00eda Olmeca, en Dos Bocas, Tabasco. La paraestatal atribuy\u00f3 el siniestro&#8230;<\/p>\n","protected":false},"author":1,"featured_media":944,"comment_status":"open","ping_status":"closed","sticky":false,"template":"","format":"standard","meta":{"footnotes":""},"categories":[47],"tags":[],"class_list":["post-943","post","type-post","status-publish","format-standard","has-post-thumbnail","hentry","category-petroleo"],"_links":{"self":[{"href":"https:\/\/mexicotoxico.org.mx\/noticias\/index.php\/wp-json\/wp\/v2\/posts\/943","targetHints":{"allow":["GET"]}}],"collection":[{"href":"https:\/\/mexicotoxico.org.mx\/noticias\/index.php\/wp-json\/wp\/v2\/posts"}],"about":[{"href":"https:\/\/mexicotoxico.org.mx\/noticias\/index.php\/wp-json\/wp\/v2\/types\/post"}],"author":[{"embeddable":true,"href":"https:\/\/mexicotoxico.org.mx\/noticias\/index.php\/wp-json\/wp\/v2\/users\/1"}],"replies":[{"embeddable":true,"href":"https:\/\/mexicotoxico.org.mx\/noticias\/index.php\/wp-json\/wp\/v2\/comments?post=943"}],"version-history":[{"count":1,"href":"https:\/\/mexicotoxico.org.mx\/noticias\/index.php\/wp-json\/wp\/v2\/posts\/943\/revisions"}],"predecessor-version":[{"id":945,"href":"https:\/\/mexicotoxico.org.mx\/noticias\/index.php\/wp-json\/wp\/v2\/posts\/943\/revisions\/945"}],"wp:featuredmedia":[{"embeddable":true,"href":"https:\/\/mexicotoxico.org.mx\/noticias\/index.php\/wp-json\/wp\/v2\/media\/944"}],"wp:attachment":[{"href":"https:\/\/mexicotoxico.org.mx\/noticias\/index.php\/wp-json\/wp\/v2\/media?parent=943"}],"wp:term":[{"taxonomy":"category","embeddable":true,"href":"https:\/\/mexicotoxico.org.mx\/noticias\/index.php\/wp-json\/wp\/v2\/categories?post=943"},{"taxonomy":"post_tag","embeddable":true,"href":"https:\/\/mexicotoxico.org.mx\/noticias\/index.php\/wp-json\/wp\/v2\/tags?post=943"}],"curies":[{"name":"wp","href":"https:\/\/api.w.org\/{rel}","templated":true}]}}