{"id":937,"date":"2026-03-15T17:56:13","date_gmt":"2026-03-15T23:56:13","guid":{"rendered":"https:\/\/mexicotoxico.org.mx\/noticias\/?p=937"},"modified":"2026-03-15T17:56:13","modified_gmt":"2026-03-15T23:56:13","slug":"relator-de-la-onu-documenta-contaminacion-en-la-region-tolteca-de-hidalgo","status":"publish","type":"post","link":"https:\/\/mexicotoxico.org.mx\/noticias\/index.php\/2026\/03\/15\/relator-de-la-onu-documenta-contaminacion-en-la-region-tolteca-de-hidalgo\/","title":{"rendered":"Relator de la ONU documenta contaminaci\u00f3n en la regi\u00f3n Tolteca de Hidalgo"},"content":{"rendered":"\n<h1 class=\"wp-block-heading\"><\/h1>\n\n\n\n<h2 class=\"wp-block-heading\">El relator especial de la Organizaci\u00f3n de las Naciones Unidas sobre sustancias t\u00f3xicas, Marcos Orellana, visit\u00f3 Atitalaquia para escuchar testimonios de comunidades y activistas sobre los problemas de contaminaci\u00f3n que afectan a la regi\u00f3n Tolteca.<\/h2>\n\n\n\n<p><a href=\"https:\/\/lajornadahidalgo.com\/author\/joselyn-sanchez\/\">Joselyn S\u00e1nchez<\/a><\/p>\n\n\n\n<p>Marzo 13, 2026<\/p>\n\n\n\n<p>Como parte de una visita oficial a M\u00e9xico (del 9 al 20 de marzo), Marco Orellana, relator especial de las Naciones Unidas (<a href=\"https:\/\/www.un.org\/es\/\">ONU<\/a>) sobre sustancias t\u00f3xicas y derechos humanos, sostuvo una reuni\u00f3n con integrantes del Frente por la Vida y la Justicia de la Regi\u00f3n Tolteca, estudiantes e investigadores de la <strong>UAEM<\/strong>, as\u00ed como sociedad civil organizada.<\/p>\n\n\n\n<p>La reuni\u00f3n se efectu\u00f3 el pasado jueves 12 de marzo, en el municipio de <strong>Atitalaquia<\/strong>, en Hidalgo, en donde el relator sobre sustancias t\u00f3xicas y derechos humanos escuch\u00f3 testimonios y recorri\u00f3 el territorio de una de las zonas denominada \u201cde sacrificio ambiental\u201d, de Hidalgo y M\u00e9xico.<\/p>\n\n\n\n<p> <\/p>\n\n\n\n<p>Durante el encuentro, <strong>Marco Orellana<\/strong> extern\u00f3 un mensaje de solidaridad de las <strong>Naciones Unidas<\/strong> con las comunidades afectadas por sustancias t\u00f3xicas, como lo es la regi\u00f3n tolteca, ya que el experto manifest\u00f3 que es un derecho vivir en un ambiente sano y libre de t\u00f3xicos,<\/p>\n\n\n\n<p>El relator de la <strong>ONU<\/strong> explic\u00f3 que el mandato de sustancias y desechos peligrosos de las Naciones Unidas tiene la tarea de velar por la observancia de los derechos humanos alrededor del mundo, para lo cual se han creado procedimientos especiales.<\/p>\n\n\n\n<blockquote class=\"wp-block-quote is-layout-flow wp-block-quote-is-layout-flow\">\n<p>\u201cEs un procedimiento de monitoreo y de reporte, de elevar voces, de visibilizar, de dar luz a situaciones que de otra manera pueden estar invisibilizadas, y de esa manera, dar cuenta de realidades de personas que sufren, sufren la contaminaci\u00f3n en vulneraci\u00f3n de sus derechos\u201d explic\u00f3 Marco Orellana.<\/p>\n<\/blockquote>\n\n\n\n<p>En respuesta, pobladores de Hidalgo externaron su agradecimiento al relator de la ONU, pues se\u00f1alaron, su presencia en la regi\u00f3n tolteca \u201ces un hecho de gran trascendencia, porque no s\u00f3lo v\u00e1lida la gravedad de los problemas que enfrentamos, sino que tambi\u00e9n coloca nuestra voz en el escenario internacional\u201d.<\/p>\n\n\n\n<p>Asimismo, le enfatizaron que la presencia del experto recuerda que \u201cla justicia ambiental y el derecho a la salud son universales y que la comunidad internacional est\u00e1 atenta a lo que ocurre en la regi\u00f3n tolteca. Con su intervenci\u00f3n se abre la posibilidad de que nuestras denuncias se transformen en acciones concretas y compromisos globales\u201d le externaron los pobladores.<\/p>\n\n\n\n<p>Por ello, durante el encuentro, tomaron la voz varios activistas e investigadores, que dieron cuenta de la problem\u00e1tica ambiental y de salud que se registra en la zona Tolteca, entre ellos, Ang\u00e9lica Arellano que cont\u00f3 sobre el r\u00edo Tula; el investigador de la UAEM, Miguel G\u00f3mez Albores, quien ha realizado estudios en materia de salud y contaminaci\u00f3n; as\u00ed como Omar Amador quien ha hecho lo propio en temas de contaminaci\u00f3n del aire.<\/p>\n\n\n\n<p>La visita se da en el marco de la invitaci\u00f3n del gobierno de M\u00e9xico para que la ONU identifique logros en temas de uso racional de sustancias peligrosas y desechos, pero tambi\u00e9n para identificar retos, desaf\u00edos y situaciones que deben ser abordadas para garantizar el derecho a las personas de vivir en un ambiente libre de t\u00f3xicos.<\/p>\n\n\n\n<p>Por ello, los testimonios, el an\u00e1lisis, las perspectivas y la informaci\u00f3n recabada en territorio formar\u00e1n parte de un informe preliminar que se compartir\u00e1 con la prensa el 20 de marzo, en la Ciudad de M\u00e9xico.<\/p>\n\n\n\n<p>Y, posteriormente, se entregar\u00e1 un informe escrito al Consejo de Derechos humanos, en el que se incluir\u00e1n las voces del Gobierno de M\u00e9xico y de los estados, para establecer \u00e1reas de cooperaci\u00f3n internacional. Cabe mencionar que, seg\u00fan contaron los asistentes, ten\u00eda dos sexenios que un relator de la ONU no visitaba nuestro pa\u00eds.<\/p>\n","protected":false},"excerpt":{"rendered":"<p>El relator especial de la Organizaci\u00f3n de las Naciones Unidas sobre sustancias t\u00f3xicas, Marcos Orellana, visit\u00f3 Atitalaquia para escuchar testimonios de comunidades y activistas sobre los problemas de contaminaci\u00f3n que afectan a la regi\u00f3n Tolteca. Joselyn S\u00e1nchez Marzo 13, 2026 Como parte de una visita oficial a M\u00e9xico (del 9 al 20 de marzo), Marco&#8230;<\/p>\n","protected":false},"author":1,"featured_media":938,"comment_status":"open","ping_status":"closed","sticky":false,"template":"","format":"standard","meta":{"footnotes":""},"categories":[37],"tags":[],"class_list":["post-937","post","type-post","status-publish","format-standard","has-post-thumbnail","hentry","category-nacional"],"_links":{"self":[{"href":"https:\/\/mexicotoxico.org.mx\/noticias\/index.php\/wp-json\/wp\/v2\/posts\/937","targetHints":{"allow":["GET"]}}],"collection":[{"href":"https:\/\/mexicotoxico.org.mx\/noticias\/index.php\/wp-json\/wp\/v2\/posts"}],"about":[{"href":"https:\/\/mexicotoxico.org.mx\/noticias\/index.php\/wp-json\/wp\/v2\/types\/post"}],"author":[{"embeddable":true,"href":"https:\/\/mexicotoxico.org.mx\/noticias\/index.php\/wp-json\/wp\/v2\/users\/1"}],"replies":[{"embeddable":true,"href":"https:\/\/mexicotoxico.org.mx\/noticias\/index.php\/wp-json\/wp\/v2\/comments?post=937"}],"version-history":[{"count":1,"href":"https:\/\/mexicotoxico.org.mx\/noticias\/index.php\/wp-json\/wp\/v2\/posts\/937\/revisions"}],"predecessor-version":[{"id":939,"href":"https:\/\/mexicotoxico.org.mx\/noticias\/index.php\/wp-json\/wp\/v2\/posts\/937\/revisions\/939"}],"wp:featuredmedia":[{"embeddable":true,"href":"https:\/\/mexicotoxico.org.mx\/noticias\/index.php\/wp-json\/wp\/v2\/media\/938"}],"wp:attachment":[{"href":"https:\/\/mexicotoxico.org.mx\/noticias\/index.php\/wp-json\/wp\/v2\/media?parent=937"}],"wp:term":[{"taxonomy":"category","embeddable":true,"href":"https:\/\/mexicotoxico.org.mx\/noticias\/index.php\/wp-json\/wp\/v2\/categories?post=937"},{"taxonomy":"post_tag","embeddable":true,"href":"https:\/\/mexicotoxico.org.mx\/noticias\/index.php\/wp-json\/wp\/v2\/tags?post=937"}],"curies":[{"name":"wp","href":"https:\/\/api.w.org\/{rel}","templated":true}]}}