{"id":659,"date":"2025-02-14T19:03:14","date_gmt":"2025-02-15T01:03:14","guid":{"rendered":"https:\/\/mexicotoxico.org.mx\/noticias\/?p=659"},"modified":"2025-02-14T19:03:14","modified_gmt":"2025-02-15T01:03:14","slug":"con-grupos-de-choque-imponen-basurero-a-pobladores-en-oaxaca","status":"publish","type":"post","link":"https:\/\/mexicotoxico.org.mx\/noticias\/index.php\/2025\/02\/14\/con-grupos-de-choque-imponen-basurero-a-pobladores-en-oaxaca\/","title":{"rendered":"Con grupos de choque imponen basurero a pobladores en Oaxaca"},"content":{"rendered":"\n<p>Integrantes de la Alianza de Pueblos por la Justicia Social arrancaron una protesta frente a Palacio Nacional para solicitar la intervenci\u00f3n de la Presidenta contra \u201cla cerraz\u00f3n\u201d del gobernador de Oaxaca, Salom\u00f3n Jara. Foto Alfredo Dom\u00ednguez<\/p>\n\n\n\n<ul class=\"wp-block-list\">\n<li><a href=\"https:\/\/www.facebook.com\/sharer\/sharer.php?u=https:\/\/www.jornada.com.mx\/noticia\/2025\/02\/12\/estados\/con-grupos-de-choque-imponen-basurero-a-pobladores-en-oaxaca-7465\"><\/a><\/li>\n\n\n\n<li><a href=\"https:\/\/twitter.com\/intent\/tweet?text=Con grupos de choque imponen basurero a pobladores en Oaxaca&amp;url=https:\/\/www.jornada.com.mx\/noticia\/2025\/02\/12\/estados\/con-grupos-de-choque-imponen-basurero-a-pobladores-en-oaxaca-7465\"><\/a><\/li>\n\n\n\n<li><a href=\"mailto:?subject=Con grupos de choque imponen basurero a pobladores en Oaxaca&amp;body=https:\/\/www.jornada.com.mx\/noticia\/2025\/02\/12\/estados\/con-grupos-de-choque-imponen-basurero-a-pobladores-en-oaxaca-7465\"><\/a><\/li>\n\n\n\n<li><a href=\"https:\/\/www.jornada.com.mx\/noticia\/2025\/02\/12\/estados\/con-grupos-de-choque-imponen-basurero-a-pobladores-en-oaxaca-7465\"><\/a><\/li>\n\n\n\n<li><a href=\"whatsapp:\/\/send?text=Con grupos de choque imponen basurero a pobladores en Oaxaca [https:\/\/www.jornada.com.mx\/noticia\/2025\/02\/12\/estados\/con-grupos-de-choque-imponen-basurero-a-pobladores-en-oaxaca-7465]\"><\/a><\/li>\n<\/ul>\n\n\n\n<p><\/p>\n\n\n\n<p><a href=\"https:\/\/www.jornada.com.mx\/autores\/Enrique M\u00e9ndez \/\/ Tercera Parte. Enviado\">Enrique M\u00e9ndez \/\/ Tercera Parte. Enviado<\/a><\/p>\n\n\n\n<p>12 de febrero de 2025 07:37<\/p>\n\n\n\n<p><em>Oaxaca, Oax.<\/em> Sin consulta previa y con el uso de grupos de choque de la denominada Catem Joven, que controlan los hermanos Juan Yavh\u00e9 e Iv\u00e1n Luis Villaseca, el gobierno de Salom\u00f3n Jara comenz\u00f3 la construcci\u00f3n de un basurero regional en un terreno de tres hect\u00e1reas en la colonia Jerusal\u00e9n, en Santa Cruz Xoxocotl\u00e1n. Pretende que ah\u00ed se disponga el manejo de 850 toneladas de desechos al d\u00eda generados por ese municipio, la capital oaxaque\u00f1a y Santa Luc\u00eda del Camino.<\/p>\n\n\n\n<p>La promesa a los vecinos es que ser\u00e1 un basurero&nbsp;<q>como el del r\u00edo Hudson, de Nueva York<\/q>, aunque no se les precisa en qu\u00e9 sentido ni a qu\u00e9 vertedero se refieren.<\/p>\n\n\n\n<p>Ante obras, los vecinos mantienen sus protestas. La m\u00e1s reciente fue realizada el viernes 7 pasado, porque en la zona hay tres pozos de agua potable, alrededor hay escuelas, una cl\u00ednica del IMSS-Bienestar, el bosque de El Tequio \u2013que colinda con el aeropuerto\u2013 est\u00e1 a 600 metros, todav\u00eda hay asentamientos de cart\u00f3n y madera, lotes en venta e incluso sembrad\u00edos de alfalfa y ma\u00edz, y habita fauna de la regi\u00f3n.<\/p>\n\n\n\n<p>La vivienda m\u00e1s cercana al basurero est\u00e1 a 40 metros y el r\u00edo Atoyac \u2013que s\u00f3lo lleva aguas negras\u2013 est\u00e1 a 200 metros. Adem\u00e1s del riesgo de contaminaci\u00f3n del suelo y el aire, otra preocupaci\u00f3n de la comunidad es qu\u00e9 ocurrir\u00e1 si, en la temporada de lluvias, el r\u00edo se desborda y se inunda la planta.<\/p>\n\n\n\n<p>Adem\u00e1s, se busca edificar junto al basurero un hospital oncol\u00f3gico, un albergue del DIF y un parque. Se trata, resumen los vecinos, de un asunto de salud p\u00fablica y defienden su leg\u00edtima preocupaci\u00f3n por el proyecto, por los efectos negativos a la comunidad.<\/p>\n\n\n\n<p>Los integrantes del comit\u00e9 vecinal de la colonia Jerusal\u00e9n se enteraron de que las excavaciones iniciadas en 2024 eran para cimentar el proyecto, porque al ex alcalde Vicente Castellanos \u201cse le sali\u00f3 y nos dijo \u2018quieren poner un basurero, yo no di la autorizaci\u00f3n\u2019. Quien autoriz\u00f3 fue la actual alcaldesa, Nancy Ben\u00edtez, de Morena\u201d.<\/p>\n\n\n\n<p>El 14 de enero pasado, ante la continuidad de las obras, la comunidad bloque\u00f3 la avenida S\u00edmbolos Patrios, pero fueron reprimidos por grupos de choque de Catem Joven. Aunque estaban encapuchados, los vecinos reconocieron a Juan Yavh\u00e9 e Iv\u00e1n Luis Villaseca entre quienes organizaron a taxistas, moto taxistas y conductores de camiones de volteo para el desalojo violento.<\/p>\n\n\n\n<p>Incluso mujeres y ni\u00f1os fueron golpeados; los transportistas robaron c\u00e1maras de los negocios cercanos y sustrajeron las memorias de las computadoras; la polic\u00eda no intervino y una patrulla de la Guardia Nacional pas\u00f3 sin detenerse.<\/p>\n\n\n\n<p>El s\u00e1bado 25 de enero, en una reuni\u00f3n con funcionarios encabezados por Diego Humberto Ramos, conciliador de la Secretar\u00eda de Gobierno, se expuso la forma violenta en que se trat\u00f3 a los manifestantes. La respuesta que les dieron fue que&nbsp;<q>as\u00ed son, son una mafia, nosotros no los contratamos, sino la empresa<\/q>.<\/p>\n\n\n\n<p>M\u00e1s a\u00fan, es Luis Villaseca quien acude a las reuniones con los funcionarios, y el 29 de enero, en un di\u00e1logo en la comunidad a la que asistieron Ramos, ingenieros y representantes de la empresa contratista, se present\u00f3 el l\u00edder de Catem Joven.<\/p>\n\n\n\n<p>En el encuentro del 25 de enero, se exigi\u00f3 al menos una disculpa p\u00fablica porque, aseguran, el secretario de Gobierno, Jes\u00fas Romero L\u00f3pez, desliz\u00f3 que detr\u00e1s de la movilizaci\u00f3n hab\u00eda&nbsp;<q>un grupo guerrillero<\/q>. Ramos contest\u00f3 que ve\u00eda dif\u00edcil una declaraci\u00f3n oficial de ese tipo porque Romero L\u00f3pez&nbsp;<q>no dio nombres<\/q>.<\/p>\n\n\n\n<p>Los habitantes documentaron la agresi\u00f3n y tienen fotograf\u00edas de Iv\u00e1n Luis Villaseca en el recorrido del 29 de enero. Desde la agresi\u00f3n, cuatro personas en motocicletas vigilan el predio cercado con valla cicl\u00f3nica.&nbsp;<q>Nos tienen amenazados<\/q>, indic\u00f3 una de las vecinas.<\/p>\n\n\n\n<p>Recordaron c\u00f3mo los hermanos Villaseca asistieron a la toma de posesi\u00f3n del alcalde de la capital, Raymundo Chagoya, el primero de enero pasado y contaron que uno de los participantes en el desalojo del 14 de enero, Caleb Rodr\u00edguez Ortega, fue asesinado tan s\u00f3lo cuatro d\u00edas despu\u00e9s en el estacionamiento de un Office Depot cercano.<\/p>\n\n\n\n<p>Aunque han preguntado, a los habitantes de Xoxocotl\u00e1n y San Antonio de la Cal no se les ha respondido qu\u00e9 compa\u00f1\u00eda lleva a cabo la obra. Lo que s\u00ed han confirmado es que no hay un proyecto ejecutivo, y que el dise\u00f1o y las especificaciones han sido modificadas.<\/p>\n\n\n\n<p>El jueves 30 de enero, un grupo de personas fue llevado a la Ciudad de M\u00e9xico para conocer el centro de reciclaje de Azcapotzalco, pues se les plante\u00f3 un modelo similar, pero al d\u00eda siguiente se les inform\u00f3 que hab\u00eda otro proyecto basado en el reciclaje de la empresa privada Ecotec, en Tamaulipas.<\/p>\n\n\n\n<p>El gobierno de Salom\u00f3n Jara niega que se trate de un basurero, lo define de&nbsp;<q>centro de reciclaje<\/q>, donde se separar\u00e1n los residuos, ser\u00e1n aislados y transportados a San Pedro Totolapam, donde se planea un tiradero con un costo de 600 millones de pesos.<\/p>\n\n\n\n<p>Al inicio del gobierno se busc\u00f3 construir el basurero en la zona arqueol\u00f3gica de Mitla, pero el proyecto fue rechazado por la poblaci\u00f3n. La postura del gobierno estatal es que ahora no habr\u00e1 marcha atr\u00e1s en el tiradero y justific\u00f3 el desalojo por la Catem Joven con el argumento de que el sindicato transportista tiene derecho a seguir trabajando.<\/p>\n\n\n\n<p><q>El proyecto va, eso es definitivo, no hay intenci\u00f3n de cambiarlo de lugar, porque no va a contaminar y cumple con los est\u00e1ndares internacionales<\/q>, justific\u00f3 el mismo 14 de enero el secretario de Gobierno. En efecto, la obra no se ha detenido y contin\u00faan los trabajos con maquinaria pesada. El lunes 3 de enero un cami\u00f3n que transportaba una aplanadora caus\u00f3 un apag\u00f3n.<\/p>\n\n\n\n<p>En su ir y venir para tratar de frenar la obra, los vecinos se presentaron el 13 de enero a las oficinas del alcalde de San Antonio de la Cal, Porfirio Santos Mat\u00edas, quien se escondi\u00f3, cerr\u00f3 la puerta del despacho, apag\u00f3 las luces y sali\u00f3 por una puerta lateral. Los polic\u00edas municipales tomaron fotos a las personas y les ordenaron desalojar.<\/p>\n\n\n\n<p>Recuerdan que durante el trayecto de regreso a su colonia fueron seguidos de cerca por una patrulla municipal y una motocicleta.<\/p>\n\n\n\n<p>Nuevamente, el 5 de febrero, enviaron al alcalde un acta de asamblea de la integraci\u00f3n del comit\u00e9 vecinal de la tercera secci\u00f3n, La Soledad, para convocarlo a una reuni\u00f3n, pero Santos Mat\u00edas desconoci\u00f3&nbsp;<q>de manera \u00edntegra al comit\u00e9<\/q>&nbsp;y sostuvo que s\u00f3lo reconoce a Primitivo L\u00f3pez Reyes, quien se autonombr\u00f3 representante comunal y respalda el proyecto.<\/p>\n\n\n\n<p>Integrantes de los comit\u00e9s de las colonias afectadas solicitaron medidas cautelares ante la amenaza permanente, pero la respuesta de la defensor\u00eda del estado fue que&nbsp;<q>no ha lugar a otorgarlas, porque no existe riesgo real<\/q>&nbsp;de agresi\u00f3n.<\/p>\n\n\n\n<p>Crisis de agua<\/p>\n\n\n\n<p>La capital del estado y su zona conurbada padecen tambi\u00e9n escasez de agua. Las colonias aleda\u00f1as al centro hist\u00f3rico reciben el l\u00edquido por tandeos mensuales y el abasto es a trav\u00e9s de pipas, que ya se han vuelto parte del paisaje oaxaque\u00f1o y cobran entre mil 500 y 10 mil pesos por 10 mil litros.<\/p>\n\n\n\n<p>La escasez agrav\u00f3 el costo del servicio, que el a\u00f1o pasado era de 100 pesos por pipa. Se trata de un negocio no regulado y el agua se extrae de pozos o se trae de San Agust\u00edn Etla y el manejo es opaco, se\u00f1ala el regidor del ayuntamiento de la capital Mart\u00edn V\u00e1zquez.<\/p>\n\n\n\n<p>El r\u00edo Atoyac nace en Telixtlahuaca, pasa por Huitzo y San Jacinto Amilpas. Aunque antes surt\u00eda de l\u00edquido a Oaxaca, hoy s\u00f3lo lleva aguas negras que van a desembocar en la costa, cerca del R\u00edo Grande, rumbo a Pinotepa Nacional.<\/p>\n\n\n\n<p>La administraci\u00f3n del suministro est\u00e1 a cargo del Sistema Operador de los Servicios de Agua Potable y Alcantarillado, que depende del gobierno del estado, aun cuando se trata de un asunto municipal.<\/p>\n\n\n\n<p>Eso s\u00ed, desde ahora el sistema ofrece a sus usuarios&nbsp;<q>descuentos de hasta 100 por ciento<\/q>&nbsp;a los usuarios al corriente en sus pagos.<\/p>\n\n\n\n<p><a href=\"https:\/\/www.jornada.com.mx\/noticia\/2025\/02\/12\/estados\/con-grupos-de-choque-imponen-basurero-a-pobladores-en-oaxaca-7465\">https:\/\/www.jornada.com.mx\/noticia\/2025\/02\/12\/estados\/con-grupos-de-choque-imponen-basurero-a-pobladores-en-oaxaca-7465<\/a><\/p>\n","protected":false},"excerpt":{"rendered":"<p>Integrantes de la Alianza de Pueblos por la Justicia Social arrancaron una protesta frente a Palacio Nacional para solicitar la intervenci\u00f3n de la Presidenta contra \u201cla cerraz\u00f3n\u201d del gobernador de Oaxaca, Salom\u00f3n Jara. Foto Alfredo Dom\u00ednguez Enrique M\u00e9ndez \/\/ Tercera Parte. Enviado 12 de febrero de 2025 07:37 Oaxaca, Oax. Sin consulta previa y con&#8230;<\/p>\n","protected":false},"author":1,"featured_media":661,"comment_status":"open","ping_status":"closed","sticky":false,"template":"","format":"standard","meta":{"footnotes":""},"categories":[16],"tags":[],"class_list":["post-659","post","type-post","status-publish","format-standard","has-post-thumbnail","hentry","category-oaxaca"],"_links":{"self":[{"href":"https:\/\/mexicotoxico.org.mx\/noticias\/index.php\/wp-json\/wp\/v2\/posts\/659","targetHints":{"allow":["GET"]}}],"collection":[{"href":"https:\/\/mexicotoxico.org.mx\/noticias\/index.php\/wp-json\/wp\/v2\/posts"}],"about":[{"href":"https:\/\/mexicotoxico.org.mx\/noticias\/index.php\/wp-json\/wp\/v2\/types\/post"}],"author":[{"embeddable":true,"href":"https:\/\/mexicotoxico.org.mx\/noticias\/index.php\/wp-json\/wp\/v2\/users\/1"}],"replies":[{"embeddable":true,"href":"https:\/\/mexicotoxico.org.mx\/noticias\/index.php\/wp-json\/wp\/v2\/comments?post=659"}],"version-history":[{"count":2,"href":"https:\/\/mexicotoxico.org.mx\/noticias\/index.php\/wp-json\/wp\/v2\/posts\/659\/revisions"}],"predecessor-version":[{"id":662,"href":"https:\/\/mexicotoxico.org.mx\/noticias\/index.php\/wp-json\/wp\/v2\/posts\/659\/revisions\/662"}],"wp:featuredmedia":[{"embeddable":true,"href":"https:\/\/mexicotoxico.org.mx\/noticias\/index.php\/wp-json\/wp\/v2\/media\/661"}],"wp:attachment":[{"href":"https:\/\/mexicotoxico.org.mx\/noticias\/index.php\/wp-json\/wp\/v2\/media?parent=659"}],"wp:term":[{"taxonomy":"category","embeddable":true,"href":"https:\/\/mexicotoxico.org.mx\/noticias\/index.php\/wp-json\/wp\/v2\/categories?post=659"},{"taxonomy":"post_tag","embeddable":true,"href":"https:\/\/mexicotoxico.org.mx\/noticias\/index.php\/wp-json\/wp\/v2\/tags?post=659"}],"curies":[{"name":"wp","href":"https:\/\/api.w.org\/{rel}","templated":true}]}}