{"id":629,"date":"2025-01-28T19:11:34","date_gmt":"2025-01-29T01:11:34","guid":{"rendered":"https:\/\/mexicotoxico.org.mx\/noticias\/?p=629"},"modified":"2025-02-09T15:37:16","modified_gmt":"2025-02-09T21:37:16","slug":"prohibicion-plasticos","status":"publish","type":"post","link":"https:\/\/mexicotoxico.org.mx\/noticias\/index.php\/2025\/01\/28\/prohibicion-plasticos\/","title":{"rendered":"Prohibici\u00f3n de pl\u00e1sticos de un solo uso en M\u00e9xico &#8211; Recursos de consulta"},"content":{"rendered":"\n<p><\/p>\n\n\n\n<figure class=\"wp-block-table\"><table class=\"has-fixed-layout\"><tbody><tr><td class=\"has-text-align-center\" data-align=\"center\"><strong>Estudios y publicaciones<\/strong><\/td><\/tr><tr><td class=\"has-text-align-center\" data-align=\"center\"><strong>Informe del Relator Especial de Naciones Unidas <\/strong>sobre las implicaciones para los derechos humanos de la gesti\u00f3n y eliminaci\u00f3n ecol\u00f3gicamente racionales de las sustancias y los desechos peligrosos,<strong> Baskut Tunkac.<\/strong><br><br>Es deber de los Estados prevenir la exposici\u00f3n a las sustancias y los desechos peligrosos (sustancias t\u00f3xicas) <a href=\"https:\/\/www.fronterascomunes.org.mx\/webpage\/pdf\/baskut-tunkac\/\"> https:\/\/www.fronterascomunes.org.mx\/webpage\/pdf\/baskut-tunkac\/<\/a><br>&nbsp;<\/td><\/tr><tr><td class=\"has-text-align-center\" data-align=\"center\"><strong>Informe del Relator Especial de Naciones Unidas Marcos Orellana <\/strong>acerca de las implicaciones para los derechos humanos de la gesti\u00f3n<br>y eliminaci\u00f3n ambientalmente racionales de las sustancias<br>y los desechos peligroso (sustancias t\u00f3xicas)<br><strong>Las etapas del ciclo del pl\u00e1stico y su impacto en los derechos humanos<\/strong><br> <a href=\"https:\/\/www.fronterascomunes.org.mx\/pdf\/Orellanaplasticos423.pdf\">https:\/\/www.fronterascomunes.org.mx\/pdf\/Orellanaplasticos423.pdf<\/a><\/td><\/tr><tr><td class=\"has-text-align-center\" data-align=\"center\">\u00b7&nbsp;<strong>Cuando la basura pl\u00e1stica nos alcanz\u00f3 y nos rebas\u00f3.<\/strong> \u2013 Quemar Basura Mata<br><a href=\"https:\/\/www.fronterascomunes.org.mx\/webpage\/cuando-la-basura-plastica-nos-alcanzo-y-nos-rebaso\/\">https:\/\/www.fronterascomunes.org.mx\/webpage\/cuando-la-basura-plastica-nos-alcanzo-y-nos-rebaso\/<\/a><\/td><\/tr><\/tbody><\/table><\/figure>\n\n\n\n<figure class=\"wp-block-table\"><table class=\"has-fixed-layout\"><tbody><tr><td class=\"has-text-align-center\" data-align=\"center\"><strong>Notas<\/strong><\/td><\/tr><tr><td class=\"has-text-align-center\" data-align=\"center\">\u00b7 Prohibici\u00f3n de pl\u00e1sticos de un solo uso en M\u00e9xico. Caso Oaxaca <a href=\"https:\/\/mexicotoxico.org.mx\/casos\/el-caso-de-la-prohibicion-de-plasticos-de-un-solo-uso-en-oaxaca-y-la-suprema-corte-de-justicia-de-la-nacion\/\">https:\/\/mexicotoxico.org.mx\/casos\/el-caso-de-la-prohibicion-de-plasticos-de-un-solo-uso-en-oaxaca-y-la-suprema-corte-de-justicia-de-la-nacion\/<\/a><\/td><\/tr><tr><td class=\"has-text-align-center\" data-align=\"center\">\u00b7 FRONTERAS COMUNES A.C. :&nbsp; \u201c<strong>La colectiva Malditos Pl\u00e1sticos, logra a trav\u00e9s de un amparo, que el Congreso de la Uni\u00f3n comience a legislar una prohibici\u00f3n de pl\u00e1sticos de un solo uso a nivel Federal<\/strong>\u201d. <a href=\"https:\/\/www.fronterascomunes.org.mx\/webpage\/pdf\/la-colectiva-malditos-plasticos\/\">https:\/\/www.fronterascomunes.org.mx\/webpage\/pdf\/la-colectiva-malditos-plasticos\/<\/a><\/td><\/tr><tr><td class=\"has-text-align-center\" data-align=\"center\">\u00b7&nbsp;PROCESO: \u201c<strong>Tribunal Ordena a Congreso de la Uni\u00f3n iniciar trabajos para prohibir pl\u00e1sticos de un solo uso<\/strong>.\u201d Proceso, <a href=\"https:\/\/www.proceso.com.mx\/nacional\/2024\/7\/30\/tribunal-ordena-congreso-de-la-union-iniciar-trabajos-para-prohibir-plasticos-de-un-solo-uso-333917.htm\">https:\/\/www.proceso.com.mx\/nacional\/2024\/7\/30\/tribunal-ordena-congreso-de-la-union-iniciar-trabajos-para-prohibir-plasticos-de-un-solo-uso-333917.html<\/a><\/td><\/tr><tr><td class=\"has-text-align-center\" data-align=\"center\">LA JORNADA:  \u201c<strong>Hist\u00f3rica decisi\u00f3n: Ordenan al Congreso legislar contra pl\u00e1sticos de un solo uso.<\/strong>\u201d La Jornada\/ Video:<a href=\"https:\/\/www.facebook.com\/watch\/?v=411033691959910\"> https:\/\/www.facebook.com\/watch\/?v=411033691959910<\/a><\/td><\/tr><tr><td class=\"has-text-align-center\" data-align=\"center\"> ANIMAL POL\u00cdTICO: \u201c<strong>Tribunal ordena al Congreso legislar para prohibir pl\u00e1sticos de un solo uso<\/strong>\u201d Animal Pol\u00edtico <a href=\"https:\/\/www.animalpolitico.com\/sociedad\/congreso-debe-legislar-prohibir-plasticos-solo-uso\">https:\/\/www.animalpolitico.com\/sociedad\/congreso-debe-legislar-prohibir-plasticos-solo-uso<\/a><\/td><\/tr><tr><td class=\"has-text-align-center\" data-align=\"center\">\u00b7&nbsp;<strong>Alianza Global de Alternativas contra la incineraci\u00f3n GAIA : Tribunal Colegiado ordena medidas al Congreso para <\/strong><strong>prohibici\u00f3n de pl\u00e1sticos de un solo uso en m\u00e9xico&nbsp; <a href=\"https:\/\/www.no-burn.org\/tribunal-colegiado-ordena-medidas-al-congreso-para-prohibicion-de-plasticos-de-un-solo-uso-en-mexico\">https:\/\/www.no-burn.org\/tribunal-colegiado-ordena-medidas-al-congreso-para-prohibicion-de-plasticos-de-un-solo-uso-en-mexico<\/a><\/strong><\/td><\/tr><tr><td class=\"has-text-align-center\" data-align=\"center\"><strong>Ambientalistas logran mandato<\/strong>&nbsp;para que el congreso proteja la salud y el ambiente frente frente a la contaminaci\u00f3n pl\u00e1stica<strong>.&nbsp;<\/strong><a href=\"https:\/\/www.fronterascomunes.org.mx\/webpage\/pdf\/la-colectiva-malditos-plasticos\/\"><strong>Bolet\u00edn de Prensa y video<\/strong><\/a><strong>&nbsp;<\/strong><a href=\"https:\/\/www.fronterascomunes.org.mx\/webpage\/pdf\/la-colectiva-malditos-plasticos\">https:\/\/www.fronterascomunes.org.mx\/webpage\/pdf\/la-colectiva-malditos-plasticos<\/a><\/td><\/tr><tr><td class=\"has-text-align-center\" data-align=\"center\">English: Plastic Waste Colonialism \/Plataforma Colonialismo de la Basura en ingl\u00e9s<a href=\"https:\/\/mexicotoxico.org.mx\/waste-colonialism\/\">https:\/\/mexicotoxico.org.mx\/waste-colonialism\/<\/a><\/td><\/tr><tr><td class=\"has-text-align-center\" data-align=\"center\">Plataforma de noticias <br><strong>TERRITORIOS COLAPSADOS<\/strong><br><strong>&nbsp;<\/strong><a href=\"https:\/\/mexicotoxico.org.mx\/noticias\/\">https:\/\/mexicotoxico.org.mx\/noticias\/<\/a><\/td><\/tr><\/tbody><\/table><\/figure>\n\n\n\n<p><strong>Podcast <\/strong><\/p>\n\n\n\n<p>\u00abEn los \u00faltimos a\u00f1os el pl\u00e1stico ha sido parte de las afectaciones socio-ambientales en el mundo. Millones de residuos pl\u00e1sticos terminan en el Sur Global con lo que estamos viviendo una nueva colonizaci\u00f3n donde el pl\u00e1stico es el principal factor.<\/p>\n\n\n\n<pre class=\"wp-block-code\"><code><\/code><\/pre>\n\n\n\n<p><\/p>\n\n\n\n<p id=\"block-7e5f5c9b-71df-472b-b32a-be7f36549b6c\"> <strong>Organizaciones Internacionales<\/strong> con estudios avanzados en contaminaci\u00f3n por pl\u00e1sticos, toxicidad e injusticia ambiental por el ciclo de vida y muerte de los pl\u00e1sticos<\/p>\n\n\n\n<figure class=\"wp-block-table\"><table class=\"has-fixed-layout\"><tbody><tr><td>&nbsp;<strong>GAIA<\/strong>&nbsp;<br><a href=\"https:\/\/www.no-burn.org\/es\/plastic\/\">https:\/\/www.no-burn.org\/<\/a><br><a href=\"https:\/\/www.no-burn.org\/es\/incineration\/\">https:\/\/www.no-burn.org\/es\/incineration\/<\/a><\/td><\/tr><tr><td><strong>IPEN<\/strong><br><a href=\"http:\/\/ipen.org\/\">http:\/\/ipen.org<\/a><br><a href=\"https:\/\/stoppoisonplastic.org\/\">https:\/\/stoppoisonplastic.org<\/a><br>VIDEO:&nbsp;&nbsp;El problema de los qu\u00edmicos en los pl\u00e1sticos<br><a href=\"http:\/\/ipen.org\/news\/video-plastics-poisoning-our-health\">http:\/\/ipen.org\/news\/video-plastics-poisoning-our-health<\/a><br>Reportes:<br><a href=\"https:\/\/ipen.org\/sites\/default\/files\/documents\/ipen-problem-with-plastics-v1_5b-es.pdf\">https:\/\/ipen.org\/sites\/default\/files\/documents\/ipen-problem-with-plastics-v1_5b-es.pdf<\/a><br><a href=\"https:\/\/ipen.org\/sites\/default\/files\/documents\/ipen-plastics_booklet-spanish.pdf\">https:\/\/ipen.org\/sites\/default\/files\/documents\/ipen-plastics_booklet-spanish.pdf<\/a><br><a href=\"https:\/\/ipen.org\/sites\/default\/files\/documents\/ipen_plastic_faqs_esp_full.pdf\">https:\/\/ipen.org\/sites\/default\/files\/documents\/ipen_plastic_faqs_esp_full.pdf<\/a><\/td><\/tr><tr><td><strong>BFFP<\/strong><br><a href=\"https:\/\/www.breakfreefromplastic.org\/\">https:\/\/www.breakfreefromplastic.org<\/a><br><a href=\"https:\/\/www.breakfreefromplastic.org\/plastics-health\/\">https:\/\/www.breakfreefromplastic.org\/plastics-health\/<\/a><\/td><\/tr><tr><td><strong>CIEL<\/strong><br>&nbsp;https:\/\/www.ciel.org<br><a href=\"https:\/\/www.ciel.org\/wp-content\/uploads\/2019\/03\/Plastic-Health-Spanish.pdf\">https:\/\/www.ciel.org\/wp-content\/uploads\/2019\/03\/Plastic-Health-Spanish.pdf<\/a><br><a href=\"https:\/\/www.ciel.org\/issues\/plastic\/\">https:\/\/www.ciel.org\/issues\/plastic\/<\/a><\/td><\/tr><\/tbody><\/table><\/figure>\n\n\n\n<p><\/p>\n\n\n\n<p>\u00b7&nbsp;<\/p>\n\n\n\n<p>\u00b7&nbsp;<\/p>\n\n\n\n<h5 class=\"wp-block-heading\"><\/h5>\n\n\n\n<p><\/p>\n\n\n\n<p><\/p>\n\n\n\n<p><\/p>\n","protected":false},"excerpt":{"rendered":"<p>Estudios y publicaciones Informe del Relator Especial de Naciones Unidas sobre las implicaciones para los derechos humanos de la gesti\u00f3n y eliminaci\u00f3n ecol\u00f3gicamente racionales de las sustancias y los desechos peligrosos, Baskut Tunkac. Es deber de los Estados prevenir la exposici\u00f3n a las sustancias y los desechos peligrosos (sustancias t\u00f3xicas) https:\/\/www.fronterascomunes.org.mx\/webpage\/pdf\/baskut-tunkac\/&nbsp; Informe del Relator Especial&#8230;<\/p>\n","protected":false},"author":1,"featured_media":634,"comment_status":"open","ping_status":"closed","sticky":false,"template":"","format":"standard","meta":{"footnotes":""},"categories":[26,37,5],"tags":[],"class_list":["post-629","post","type-post","status-publish","format-standard","has-post-thumbnail","hentry","category-activismo","category-nacional","category-plasticos"],"_links":{"self":[{"href":"https:\/\/mexicotoxico.org.mx\/noticias\/index.php\/wp-json\/wp\/v2\/posts\/629","targetHints":{"allow":["GET"]}}],"collection":[{"href":"https:\/\/mexicotoxico.org.mx\/noticias\/index.php\/wp-json\/wp\/v2\/posts"}],"about":[{"href":"https:\/\/mexicotoxico.org.mx\/noticias\/index.php\/wp-json\/wp\/v2\/types\/post"}],"author":[{"embeddable":true,"href":"https:\/\/mexicotoxico.org.mx\/noticias\/index.php\/wp-json\/wp\/v2\/users\/1"}],"replies":[{"embeddable":true,"href":"https:\/\/mexicotoxico.org.mx\/noticias\/index.php\/wp-json\/wp\/v2\/comments?post=629"}],"version-history":[{"count":19,"href":"https:\/\/mexicotoxico.org.mx\/noticias\/index.php\/wp-json\/wp\/v2\/posts\/629\/revisions"}],"predecessor-version":[{"id":657,"href":"https:\/\/mexicotoxico.org.mx\/noticias\/index.php\/wp-json\/wp\/v2\/posts\/629\/revisions\/657"}],"wp:featuredmedia":[{"embeddable":true,"href":"https:\/\/mexicotoxico.org.mx\/noticias\/index.php\/wp-json\/wp\/v2\/media\/634"}],"wp:attachment":[{"href":"https:\/\/mexicotoxico.org.mx\/noticias\/index.php\/wp-json\/wp\/v2\/media?parent=629"}],"wp:term":[{"taxonomy":"category","embeddable":true,"href":"https:\/\/mexicotoxico.org.mx\/noticias\/index.php\/wp-json\/wp\/v2\/categories?post=629"},{"taxonomy":"post_tag","embeddable":true,"href":"https:\/\/mexicotoxico.org.mx\/noticias\/index.php\/wp-json\/wp\/v2\/tags?post=629"}],"curies":[{"name":"wp","href":"https:\/\/api.w.org\/{rel}","templated":true}]}}