{"id":620,"date":"2025-01-20T15:37:34","date_gmt":"2025-01-20T21:37:34","guid":{"rendered":"https:\/\/mexicotoxico.org.mx\/noticias\/?p=620"},"modified":"2025-02-03T14:06:36","modified_gmt":"2025-02-03T20:06:36","slug":"los-impactos-de-la-contaminacion-por-residuos-en-el-medio-ambiente-y-en-los-derechos-humanos","status":"publish","type":"post","link":"https:\/\/mexicotoxico.org.mx\/noticias\/index.php\/2025\/01\/20\/los-impactos-de-la-contaminacion-por-residuos-en-el-medio-ambiente-y-en-los-derechos-humanos\/","title":{"rendered":"LOS IMPACTOS DE LA CONTAMINACI\u00d3N POR RESIDUOS EN EL MEDIO AMBIENTE Y EN LOS DERECHOS HUMANOS"},"content":{"rendered":"\n<p>La&nbsp;<strong>Colectiva Malditos Pl\u00e1sticos<\/strong>, en colaboraci\u00f3n con el&nbsp;<strong>Centro Legal de Defensores del Medio Ambiente&nbsp;<\/strong>(Environmental Defender Law Center\/EDLC) y el&nbsp;<strong>Insituto de Derecho Colectivo de Brasil<\/strong>, les invitamos a participar en el webinar<\/p>\n\n\n\n<p>\u00ab<strong>LOS IMPACTOS DE LA CONTAMINACI\u00d3N POR RESIDUOS EN EL MEDIO AMBIENTE Y EN LOS DERECHOS HUMANOS\u201d<\/strong>.<\/p>\n\n\n\n<p>Particularmente se expondr\u00e1n&nbsp;<strong>los impactos negativos&nbsp;&nbsp;que provocan los&nbsp;<\/strong><strong>residuos pl\u00e1sticos,<\/strong>&nbsp;<strong>particularmente los de un solo uso&nbsp;<\/strong>en la salud, el ambiente y los derechos humanos en M\u00e9xico y Brasil,&nbsp;&nbsp;para potenciar estas experiencias, difundir nuestros casos legales y abrir&nbsp; la conversaci\u00f3n sobre c\u00f3mo esta problem\u00e1tica de injusticia ambiental &nbsp;est\u00e1 impactando en estos y otros pa\u00edses que participen.<\/p>\n\n\n\n<p><strong>Fecha: MARTES 4 de Febrero. <\/strong><\/p>\n\n\n\n<p><strong>12 horas Ciudad de M\u00e9xico<\/strong> <\/p>\n\n\n\n<p>10 AM San Francisco<\/p>\n\n\n\n<p>3 PM Brasil <\/p>\n\n\n\n<p>El webinar ser\u00e1 transmitido por youtube. Con interpretaci\u00f3n simult\u00e1nea en Espa\u00f1ol, Portugu\u00e9s e Ingl\u00e9s. Para ello ingresar a cada canal seg\u00fan corresponda.<\/p>\n\n\n\n<p>ES:&nbsp;<a href=\"https:\/\/www.youtube.com\/watch?v=aAeoQ6s2G7U\">https:\/\/www.youtube.com\/watch?v=aAeoQ6s2G7U<\/a><\/p>\n\n\n\n<p>ENG:&nbsp;<a href=\"https:\/\/www.youtube.com\/watch?v=D9q6_Qq2zio\">https:\/\/www.youtube.com\/watch?v=D9q6_Qq2zio<\/a><\/p>\n\n\n\n<p>PT:&nbsp;&nbsp; <a href=\"https:\/\/www.youtube.com\/live\/eELjw6QowCc\">https:\/\/www.youtube.com\/live\/eELjw6QowCc<\/a><\/p>\n\n\n\n<figure class=\"wp-block-gallery has-nested-images columns-default is-cropped wp-block-gallery-1 is-layout-flex wp-block-gallery-is-layout-flex\">\n<figure class=\"wp-block-image size-large\"><img loading=\"lazy\" decoding=\"async\" width=\"576\" height=\"1024\" data-id=\"644\" src=\"https:\/\/mexicotoxico.org.mx\/noticias\/wp-content\/uploads\/2025\/01\/Webinar-PT_page-0001-576x1024.jpg\" alt=\"\" class=\"wp-image-644\" srcset=\"https:\/\/mexicotoxico.org.mx\/noticias\/wp-content\/uploads\/2025\/01\/Webinar-PT_page-0001-576x1024.jpg 576w, https:\/\/mexicotoxico.org.mx\/noticias\/wp-content\/uploads\/2025\/01\/Webinar-PT_page-0001-169x300.jpg 169w, https:\/\/mexicotoxico.org.mx\/noticias\/wp-content\/uploads\/2025\/01\/Webinar-PT_page-0001-768x1365.jpg 768w, https:\/\/mexicotoxico.org.mx\/noticias\/wp-content\/uploads\/2025\/01\/Webinar-PT_page-0001-864x1536.jpg 864w, https:\/\/mexicotoxico.org.mx\/noticias\/wp-content\/uploads\/2025\/01\/Webinar-PT_page-0001-1152x2048.jpg 1152w, https:\/\/mexicotoxico.org.mx\/noticias\/wp-content\/uploads\/2025\/01\/Webinar-PT_page-0001-scaled.jpg 1440w\" sizes=\"auto, (max-width: 576px) 100vw, 576px\" \/><\/figure>\n\n\n\n<figure class=\"wp-block-image size-large\"><img loading=\"lazy\" decoding=\"async\" width=\"576\" height=\"1024\" data-id=\"645\" src=\"https:\/\/mexicotoxico.org.mx\/noticias\/wp-content\/uploads\/2025\/01\/Webinar-ENG_page-0001-576x1024.jpg\" alt=\"\" class=\"wp-image-645\" srcset=\"https:\/\/mexicotoxico.org.mx\/noticias\/wp-content\/uploads\/2025\/01\/Webinar-ENG_page-0001-576x1024.jpg 576w, https:\/\/mexicotoxico.org.mx\/noticias\/wp-content\/uploads\/2025\/01\/Webinar-ENG_page-0001-169x300.jpg 169w, https:\/\/mexicotoxico.org.mx\/noticias\/wp-content\/uploads\/2025\/01\/Webinar-ENG_page-0001-768x1365.jpg 768w, https:\/\/mexicotoxico.org.mx\/noticias\/wp-content\/uploads\/2025\/01\/Webinar-ENG_page-0001-864x1536.jpg 864w, https:\/\/mexicotoxico.org.mx\/noticias\/wp-content\/uploads\/2025\/01\/Webinar-ENG_page-0001-1152x2048.jpg 1152w, https:\/\/mexicotoxico.org.mx\/noticias\/wp-content\/uploads\/2025\/01\/Webinar-ENG_page-0001-scaled.jpg 1440w\" sizes=\"auto, (max-width: 576px) 100vw, 576px\" \/><\/figure>\n\n\n\n<figure class=\"wp-block-image size-large\"><img loading=\"lazy\" decoding=\"async\" width=\"576\" height=\"1024\" data-id=\"646\" src=\"https:\/\/mexicotoxico.org.mx\/noticias\/wp-content\/uploads\/2025\/01\/Webinar-ES_page-0001-576x1024.jpg\" alt=\"\" class=\"wp-image-646\" srcset=\"https:\/\/mexicotoxico.org.mx\/noticias\/wp-content\/uploads\/2025\/01\/Webinar-ES_page-0001-576x1024.jpg 576w, https:\/\/mexicotoxico.org.mx\/noticias\/wp-content\/uploads\/2025\/01\/Webinar-ES_page-0001-169x300.jpg 169w, https:\/\/mexicotoxico.org.mx\/noticias\/wp-content\/uploads\/2025\/01\/Webinar-ES_page-0001-768x1365.jpg 768w, https:\/\/mexicotoxico.org.mx\/noticias\/wp-content\/uploads\/2025\/01\/Webinar-ES_page-0001-864x1536.jpg 864w, https:\/\/mexicotoxico.org.mx\/noticias\/wp-content\/uploads\/2025\/01\/Webinar-ES_page-0001-1152x2048.jpg 1152w, https:\/\/mexicotoxico.org.mx\/noticias\/wp-content\/uploads\/2025\/01\/Webinar-ES_page-0001-scaled.jpg 1440w\" sizes=\"auto, (max-width: 576px) 100vw, 576px\" \/><\/figure>\n<\/figure>\n","protected":false},"excerpt":{"rendered":"<p>La&nbsp;Colectiva Malditos Pl\u00e1sticos, en colaboraci\u00f3n con el&nbsp;Centro Legal de Defensores del Medio Ambiente&nbsp;(Environmental Defender Law Center\/EDLC) y el&nbsp;Insituto de Derecho Colectivo de Brasil, les invitamos a participar en el webinar \u00abLOS IMPACTOS DE LA CONTAMINACI\u00d3N POR RESIDUOS EN EL MEDIO AMBIENTE Y EN LOS DERECHOS HUMANOS\u201d. Particularmente se expondr\u00e1n&nbsp;los impactos negativos&nbsp;&nbsp;que provocan los&nbsp;residuos pl\u00e1sticos,&nbsp;particularmente los&#8230;<\/p>\n","protected":false},"author":1,"featured_media":621,"comment_status":"open","ping_status":"closed","sticky":false,"template":"","format":"standard","meta":{"footnotes":""},"categories":[37,5],"tags":[],"class_list":["post-620","post","type-post","status-publish","format-standard","has-post-thumbnail","hentry","category-nacional","category-plasticos"],"_links":{"self":[{"href":"https:\/\/mexicotoxico.org.mx\/noticias\/index.php\/wp-json\/wp\/v2\/posts\/620","targetHints":{"allow":["GET"]}}],"collection":[{"href":"https:\/\/mexicotoxico.org.mx\/noticias\/index.php\/wp-json\/wp\/v2\/posts"}],"about":[{"href":"https:\/\/mexicotoxico.org.mx\/noticias\/index.php\/wp-json\/wp\/v2\/types\/post"}],"author":[{"embeddable":true,"href":"https:\/\/mexicotoxico.org.mx\/noticias\/index.php\/wp-json\/wp\/v2\/users\/1"}],"replies":[{"embeddable":true,"href":"https:\/\/mexicotoxico.org.mx\/noticias\/index.php\/wp-json\/wp\/v2\/comments?post=620"}],"version-history":[{"count":3,"href":"https:\/\/mexicotoxico.org.mx\/noticias\/index.php\/wp-json\/wp\/v2\/posts\/620\/revisions"}],"predecessor-version":[{"id":647,"href":"https:\/\/mexicotoxico.org.mx\/noticias\/index.php\/wp-json\/wp\/v2\/posts\/620\/revisions\/647"}],"wp:featuredmedia":[{"embeddable":true,"href":"https:\/\/mexicotoxico.org.mx\/noticias\/index.php\/wp-json\/wp\/v2\/media\/621"}],"wp:attachment":[{"href":"https:\/\/mexicotoxico.org.mx\/noticias\/index.php\/wp-json\/wp\/v2\/media?parent=620"}],"wp:term":[{"taxonomy":"category","embeddable":true,"href":"https:\/\/mexicotoxico.org.mx\/noticias\/index.php\/wp-json\/wp\/v2\/categories?post=620"},{"taxonomy":"post_tag","embeddable":true,"href":"https:\/\/mexicotoxico.org.mx\/noticias\/index.php\/wp-json\/wp\/v2\/tags?post=620"}],"curies":[{"name":"wp","href":"https:\/\/api.w.org\/{rel}","templated":true}]}}