{"id":593,"date":"2024-05-08T11:45:15","date_gmt":"2024-05-08T17:45:15","guid":{"rendered":"https:\/\/mexicotoxico.org.mx\/noticias\/?p=593"},"modified":"2024-05-08T11:45:15","modified_gmt":"2024-05-08T17:45:15","slug":"pronunciamiento-de-solidaridad-con-el-planton-contra-el-relleno-sanitario-en-puebla","status":"publish","type":"post","link":"https:\/\/mexicotoxico.org.mx\/noticias\/index.php\/2024\/05\/08\/pronunciamiento-de-solidaridad-con-el-planton-contra-el-relleno-sanitario-en-puebla\/","title":{"rendered":"Pronunciamiento de solidaridad con el plant\u00f3n contra el Relleno Sanitario en Puebla"},"content":{"rendered":"\n<p><strong>Agresiones ponen en riesgo la vida de personas defensoras de la tierra y el agua en Puebla con Operativo policiaco y militar&nbsp;<\/strong><\/p>\n\n\n\n<ul class=\"wp-block-list\">\n<li>Operativo pone en riesgo a personas defensoras de la tierra y el agua, mientras PROFEPA levanta la sanci\u00f3n y permite la operaci\u00f3n de un relleno sanitario que se manten\u00eda clausurado por los efectos negativos para la poblaci\u00f3n y el suelo<\/li>\n\n\n\n<li>Polic\u00eda Estatal acciona armas de fuego en contra de integrantes de la Uni\u00f3n de Pueblos y Fraccionamientos contra el relleno Sanitario.<\/li>\n<\/ul>\n\n\n\n<p><strong>Agresiones ponen en riesgo la vida de personas defensoras de la tierra y el agua en Puebla con Operativo policiaco y militar&nbsp;<\/strong><\/p>\n\n\n\n<ul class=\"wp-block-list\">\n<li>Operativo pone en riesgo a personas defensoras de la tierra y el agua, mientras PROFEPA levanta la sanci\u00f3n y permite la operaci\u00f3n de un relleno sanitario que se manten\u00eda clausurado por los efectos negativos para la poblaci\u00f3n y el suelo<\/li>\n\n\n\n<li>Polic\u00eda Estatal acciona armas de fuego en contra de integrantes de la Uni\u00f3n de Pueblos y Fraccionamientos contra el relleno Sanitario.<\/li>\n<\/ul>\n\n\n\n<p><strong>03 de mayo de 2024<\/strong><\/p>\n\n\n\n<p>La Uni\u00f3n de Pueblos y Fraccionamientos contra el relleno Sanitario y en defensa del agua denunci\u00f3 la ejecuci\u00f3n de un operativo policial y militar que incluye intimidaci\u00f3n y agresiones f\u00edsicas por parte de polic\u00eda de los municipios de Calpan, Huejotzingo, Chiautzingo, Xoxtla, Tlaltenango, San Andr\u00e9s Cholula,&nbsp; San Pedro Cholula, entre otras; cuatro detonaciones con arma de fuego accionadas por la polic\u00eda Estatal en contra integrantes del plant\u00f3n, la destrucci\u00f3n de una motocicleta y el parabrisas de un veh\u00edculo, adem\u00e1s de rondas permanentes de la Guardia Nacional en conjunto con elementos policiacos y bloqueo con patrullas en caminos de Calpan para evitar la llegada de los pobladores al plant\u00f3n contra el basurero.<\/p>\n\n\n\n<p>El plant\u00f3n instalado busca el cierre definitivo del Relleno Sanitario ubicado en San Pedro Cholula, Puebla y se ha mantenido desde hace el pasado 21 de marzo de 2024, debido a la contaminaci\u00f3n que provoca en el territorio y los efectos negativos para la salud de personas habitantes de la zona, en la fauna, en los cultivos y mantos fre\u00e1ticos que dotan de agua a diversos pueblos. Aunado al operativo y a las agresiones, <a href=\"https:\/\/www.gob.mx\/profepa\/prensa\/retiran-clausura-a-relleno-intermunicipal-en-cholula\">este 30 de abril de 2024, la Procuradur\u00eda Federal de Protecci\u00f3n al Ambiente (PROFEPA)<\/a> levant\u00f3 la sanci\u00f3n para la empresa que contamin\u00f3 el suelo con el relleno sanitario. Sin embargo, los pueblos contin\u00faan el plant\u00f3n ante el riesgo sanitario que implica su reapertura.<\/p>\n\n\n\n<p>De forma paralela a las agresiones en el plant\u00f3n, se registr\u00f3 la irrupci\u00f3n en una propiedad particular de la comunidad San Juan Tlautla, en donde polic\u00edas ministeriales y municipales ingresaron de manera ilegal al domicilio de integrantes de la Uni\u00f3n de Pueblos y Fraccionamientos contra el basurero y en defensa del agua, sin orden de cateo. La intimidaci\u00f3n y el hostigamiento policiaco permanecieron durante horas, en el plant\u00f3n y en las zonas aleda\u00f1as, en donde se registra presencia de la Guardia Nacional y centenares de elementos Estatales y Municipales, por lo que se teme un desalojo violento.<\/p>\n\n\n\n<p>De igual manera se denuncia la presencia de grupos de choque que, a bordo de motocicletas, han intimidado y hostigado a las personas que permanecen en plant\u00f3n desde las primeras horas del 30 de abril. Alrededor de las 9:00 pm, vecinos observaron la detenci\u00f3n de otras 2 personas en el ret\u00e9n de la entrada de San Francisco Coapan por parte de la polic\u00eda de San Andr\u00e9s Cholula, quien adem\u00e1s golpe\u00f3 a la poblaci\u00f3n por \u00f3rdenes del comandante al mando, quemaron una moto y rompieron el parabrisas de una camioneta. Los polic\u00edas esposaron a pobladores de Zacatepec luego de golpearlos para posteriormente dejarlos tirados en el camino.<\/p>\n\n\n\n<p><strong>Por lo anterior exigimos:<\/strong><\/p>\n\n\n\n<ul class=\"wp-block-list\">\n<li>Cese inmediato a las agresiones. El Gobierno Estatal debe garantizar e instruir a sus cuerpos policiacos para que se abstengan de accionar sus armas en contra de las personas integrantes de este plant\u00f3n.<\/li>\n\n\n\n<li>Hacemos un llamado al Gobierno de Puebla, a los gobiernos municipales de San Pedro Cholula, San Andr\u00e9s Cholula, Calpan y al Gobierno Federal para que respeten el derecho a defender la tierra y el agua, garant\u00eda que tienen los pueblos originarios ante los proyectos que ponen en riesgo su vida, salud\u00a0 e integridad, adem\u00e1s de la emergencia ambiental que estos producen en las comunidades y por ende, a nivel planetario.<\/li>\n\n\n\n<li>La libertad de expresi\u00f3n, protesta y organizaci\u00f3n son derechos fundamentales que se deben garantizar en todo momento. Exigimos que cese de manera inmediata el hostigamiento militar y policiaco as\u00ed como las agresiones a las personas defensoras.<\/li>\n<\/ul>\n\n\n\n<p>De acuerdo con el informe 2023 del Centro Mexicano de Derecho Ambiental (Cemda), en ese a\u00f1o 20 personas fueron asesinadas por defender la tierra, adem\u00e1s de contabilizar 123 situaciones de agresi\u00f3n, como amenazas, intimidaci\u00f3n, agresiones f\u00edsicas y criminalizaci\u00f3n. Estos actos de intimidaci\u00f3n solo fortalecen la aguda situaci\u00f3n de violencia en contra de personas defensoras en M\u00e9xico,uno de los sitios m\u00e1s inseguros y letales para defender la tierra y el territorio. Es por ello que es fundamental garantizar el derecho a defender los derechos humanos.<\/p>\n\n\n\n<p>Las organizaciones firmantes suscribimos el presente comunicado y nos mantenemos en alerta permanente ante el posible recrudecimiento de la represi\u00f3n orquestada por el Estado en contra de los pueblos que defienden su territorio. Nuestra solidaridad con los pueblos y comunidades que defienden la vida..<\/p>\n\n\n\n<p><strong>FIRMAS<\/strong><\/p>\n\n\n\n<p><strong>Redes y articulaciones:<\/strong><\/p>\n\n\n\n<p>Asamblea Nacional por el Agua y la Vida<\/p>\n\n\n\n<p>Asociaci\u00f3n de fraccionamientos de Cuautlancingo<\/p>\n\n\n\n<p>Casa Armaluz, Organizaci\u00f3n de Educaci\u00f3n Acci\u00f3n Comunitaria del Pueblo Originario de San Pedro Cuajimalpa CDMX<\/p>\n\n\n\n<p>Concejo Aut\u00f3nomo de Gobierno Santiago Mexquititl\u00e1n, Amealco, Quer\u00e9taro, M\u00e9xico.<\/p>\n\n\n\n<p>Consejo Tiyat Tlali<\/p>\n\n\n\n<p>Coordinaci\u00f3n Metropolitana Anticapitalista y Antipatriarcal con el CIG<strong>: <\/strong>Comunidad Ind\u00edgena Otom\u00ed residente en la Ciudad de M\u00e9xico \/ Caf\u00e9 \u201cZapata Vive\u201d \/ UPREZ Benito Ju\u00e1rez \/ SUTIEMS (Sindicato de la Uni\u00f3n de Trabajadores del Instituto de Educaci\u00f3n Media Superior de la Ciudad de M\u00e9xico) \/ Laboratorio Popular de Medios Libres \/ Regeneraci\u00f3n Radio \/ Noticias de Abajo \/ Brigada de Salud Zapatista Pantitl\u00e1n \/ Escuelita Aut\u00f3noma Otom\u00ed \/ Frente Xonacatl\u00e1n en Resistencia\/ Individu@s: Roxana Bolio, Roberto Rodr\u00edguez Contreras \u201cGato\u201d, John Pablo Almar\u00e1z (cantautor) y 33<\/p>\n\n\n\n<p>Dhadhisara Devi Dasi<\/p>\n\n\n\n<p>Ediciones Hechizas<\/p>\n\n\n\n<p>Frente por la Libertad de Expresi\u00f3n y la Protesta Social (FLEPS)<\/p>\n\n\n\n<p>La escuela del internet<\/p>\n\n\n\n<p>Luces de las Resistencias<\/p>\n\n\n\n<p>Manos Unidas Por una Cuenca Libre<\/p>\n\n\n\n<p>Pueblos Unidos de la Regi\u00f3n Cholulteca y de los Volcanes<\/p>\n\n\n\n<p>Red de Resistencia y Rebeld\u00eda en apoyo al CNI-CIG del Puerto de Veracruz<\/p>\n\n\n\n<p>Red de Resistencias y Rebeld\u00edas AJMAQ<\/p>\n\n\n\n<p>Red en defensa del agua y la vida<\/p>\n\n\n\n<p>Red Mexicana de Afectadas\/os por la Miner\u00eda (REMA)<\/p>\n\n\n\n<p>Red Nacional de Organismos Civiles de Derechos Humanos \u201cTodos los Derechos para Todas, Todos y Todes\u201d (Red TDT): (Integrada por 87 organizaciones en 23 estados de la Rep\u00fablica mexicana):<\/p>\n\n\n\n<p>Academia Hidalguense de Educaci\u00f3n y Derechos Humanos A.C. (ACADERH) (Hidalgo); Agenda LGBT (Estado de M\u00e9xico); Agua y Vida, mujeres, derechos y ambiente (Chiapas); Alianza Sierra Madre, A.C. (Chihuahua); Aluna Acompa\u00f1amiento Psicosocial, A.C.(Ciudad de M\u00e9xico); Asistencia Legal por los Derechos Humanos, A.C. (AsiLegal) (Ciudad de M\u00e9xico); Asociaci\u00f3n Jalisciense de Apoyo a los Grupos Ind\u00edgenas, A.C. (AJAGI) (Guadalajara, Jal.); Asociaci\u00f3n para la Defensa de los Derechos Ciudadanos \u201cMiguel Hidalgo\u201d (Jacala Hgo.); Bowerasa, A.C. \u201cHaciendo Camino\u201d (Chihuahua, Chih.) Cat\u00f3licas por el Derecho a Decidir, A.C. (Ciudad de M\u00e9xico); Centro de Capacitaci\u00f3n y Defensa de los Derechos Humanos e Ind\u00edgenas, Asociaci\u00f3n Civil (CECADDHI) (Chihuahua); Centro \u201cFray Juli\u00e1n Garc\u00e9s\u201d Derechos Humanos y Desarrollo Local, A. C. (Tlaxcala, Tlax.); Centro de Apoyo al Trabajador, A.C. (CAT) (Ciudad de M\u00e9xico); Centro de Derechos de la Mujeres de Chiapas (San Crist\u00f3bal de Las Casas, Chis.); Centro de Derechos Humanos \u201cFray Bartolom\u00e9 de Las Casas\u201d, A. C. (San Crist\u00f3bal de Las Casas, Chis); Centro de Derechos Humanos \u201cFray Francisco de Vitoria O.P.\u201d, A. C. (Ciudad de M\u00e9xico); Centro de Derechos Humanos \u201cFray Mat\u00edas de C\u00f3rdova\u201d, A.C. (Tapachula, Chis.); Centro de Derechos Humanos \u201cJuan Gerardi\u201d, A. C. (Torre\u00f3n, Coah.); Centro de Derechos Humanos \u201cMiguel Agust\u00edn Pro Ju\u00e1rez\u201d, A. C. (Ciudad de M\u00e9xico); Centro de Derechos Humanos de la Monta\u00f1a, Tlachinollan, A. C. (Tlapa, Gro.); Centro de Derechos Humanos de las Mujeres (Chihuahua); Centro de Derechos Humanos de los Pueblos del Sur de Veracruz \u201cBety Cari\u00f1o\u201d, A.C. (Tatahuicapan de Ju\u00e1rez, Ver.); Centro de Derechos Humanos Digna Ochoa, A.C (Tonal\u00e1, Chis.); Centro de Derechos Humanos Paso del Norte (Cd. Ju\u00e1rez, Chih.); Centro de Derechos Humanos Toaltepeyolo (Orizaba, Veracruz); Centro de Derechos Humanos Victoria Diez, A.C. (Le\u00f3n, Gto.); Centro de Derechos Humanos Zeferino Ladrillero (CDHZL) (Estado de M\u00e9xico); Centro de Derechos Ind\u00edgenas \u201cFlor y Canto\u201d, A. C. (Oaxaca, Oax.); Centro de Derechos Ind\u00edgenas A. C. (Bachaj\u00f3n, Chis.); Centro de Investigaci\u00f3n y Capacitaci\u00f3n Propuesta C\u00edvica A. C. (Propuesta C\u00edvica) (Ciudad de M\u00e9xico); Centro de Justicia para la Paz y el Desarrollo, A. C. (CEPAD) (Guadalajara, Jal.); Centro de los Derechos del Migrante (Ciudad de M\u00e9xico); Centro de Reflexi\u00f3n y Acci\u00f3n Laboral (CEREAL-Guadalajara) (Guadalajara, Jal.); Centro Diocesano para los Derechos Humanos \u201cFray Juan de Larios\u201d, A.C. (Saltillo, Coah.); Centro Kalli Luz Marina (Orizaba, Ver.); Centro Mexicano de Derecho Ambiental (CEMDA) (Ciudad de M\u00e9xico); Centro Mujeres (La Paz, BCS.); Centro Regional de Defensa de DDHH Jos\u00e9 Mar\u00eda Morelos y Pav\u00f3n, A.C. (Chilapa, Gro.); Centro Regional de Derechos Humanos \u201cBartolom\u00e9 Carrasco\u201d, A.C. (BARCA) (Oaxaca, Oax.); Ciencia Social Alternativa, A.C. KOOKAY (M\u00e9rida, Yuc.); Ciudadan\u00eda Lagunera por los Derechos Humanos, A.C. (CILADHAC) (Torre\u00f3n, Coah.); Colectivo contra la Tortura y la Impunidad (CCTI) (Ciudad de M\u00e9xico); Colectivo Educaci\u00f3n para la Paz y los Derechos Humanos, A.C. (CEPAZDH) (San Crist\u00f3bal de Las Casas, Chis.); Comisi\u00f3n Ciudadana de Derechos Humanos del Noroeste (Mexicali, Baja California); Comisi\u00f3n de Derechos Humanos y Laborales del Valle de Tehuac\u00e1n, A.C. (Tehuac\u00e1n, Pue.); Comisi\u00f3n de Solidaridad y Defensa de los Derechos Humanos, A.C. (COSYDDHAC) (Chihuahua, Chih.); Comisi\u00f3n Regional de Derechos Humanos \u201cMahatma Gandhi\u201d, A. C. (Tuxtepec, Oax.); Comit\u00e9 Cerezo (Ciudad de M\u00e9xico); Comit\u00e9 Cristiano de Solidaridad Monse\u00f1or Romero (Ciudad de M\u00e9xico); Comit\u00e9 de Defensa de las Libertades Ind\u00edgenas (Palenque, Chis.); Comit\u00e9 de Defensa Integral de Derechos Humanos Gobixha A.C. (CODIGODH) (Oaxaca, Oax.); Comit\u00e9 de Derechos Humanos \u201cFr. Pedro Lorenzo de la Nada\u201d, A. C. (Ocosingo, Chis.); Comit\u00e9 de Derechos Humanos \u201cSierra Norte de Veracruz\u201d, A. C. (Huayacocotla, Ver.); Comit\u00e9 de Derechos Humanos Ajusco (Ciudad de M\u00e9xico); Comit\u00e9 de Derechos Humanos de Colima No Gubermantal A. C. (Colima, Col.); Comit\u00e9 de Derechos Humanos de Comalcalco, A. C. (CODEHUCO) (Comalcalco, Tab); Comit\u00e9 de Derechos Humanos de Tabasco, A. C. (CODEHUTAB) (Villahermosa, Tab); Comit\u00e9 de Derechos Humanos y Orientaci\u00f3n Miguel Hidalgo, A. C. (Dolores Hidalgo, Gto.); Comit\u00e9 de Familiares de Detenidos Desaparecidos \u201cHasta Encontrarlos\u201d(Ciudad de M\u00e9xico); Comit\u00e9 Sergio M\u00e9ndez Arceo Pro Derechos Humanos de Tulancingo, Hgo A.C. (Tulancingo, Hgo.); Consultor\u00eda T\u00e9cnica Comunitaria AC (CONTEC) (Chihuahua); El Caracol, A.C (Ciudad de M\u00e9xico); Estancia del Migrante Gonz\u00e1lez y Mart\u00ednez, A.C. (Quer\u00e9taro, Qro.); Espacios para la Defensa y el Florecimiento Comunitario (ESPADAC), (Oaxaca); Frente C\u00edvico Sinaloense. Secretar\u00eda de Derechos Humanos (Culiac\u00e1n, Sin.); Fundaci\u00f3n para la Justicia y el Estado Democr\u00e1tico de Derecho (Ciudad de M\u00e9xico); Indignaci\u00f3n, A. C. Promoci\u00f3n y Defensa de los Derechos Humanos (M\u00e9rida, Yuc.); Instituto de Derechos Humanos Ignacio Ellacuria, S.J. Universidad Iberoamericana- Puebla (Puebla, Pue.); Frontera con Justicia A.C. Casa del Migrante Saltillo (Saltillo, Coah.); Instituto Mexicano de Derechos Humanos y Democracia (Ciudad de M\u00e9xico); Instituto Mexicano para el Desarrollo Comunitario, A. C. (IMDEC) (Guadalajara, Jal.); Instituto Tecnol\u00f3gico y de Estudios Superiores de Occidente. Centro Universitario por la Dignidad y la Justicia Francisco Su\u00e1rez, SJ (Guadalajara, Jal.); La 72, Hogar-Refugio para Personas Migrantes (La 72) (Tenosique, Tabasco); Mujeres Ind\u00edgenas por la Conservaci\u00f3n, Investigaci\u00f3n y Aprovechamiento de los Recursos Naturales, A. C. (CIARENA) (Oaxaca); Observatorio Ciudadano Nacional del Feminicidio (OCNF); Programa Universitario de Derechos Humanos Ibero Le\u00f3n (Guanajuato) Promoci\u00f3n de los Derechos Econ\u00f3micos, Sociales y Culturales (PRODESCAC) (Estado de M\u00e9xico); Proyecto de Derechos Econ\u00f3micos, Sociales y Culturales (ProDESC) (Ciudad de M\u00e9xico); Proyecto sobre Organizaci\u00f3n, Desarrollo, Educaci\u00f3n e Investigaci\u00f3n (PODER) (Ciudad de M\u00e9xico); Red Solidaria de Derechos Humanos, A.C. (Morelia, Michoac\u00e1n); Respuesta Alternativa, A. C. Servicio de Derechos Humanos y Desarrollo Comunitario (San Luis Potos\u00ed); Servicios de Inclusi\u00f3n Integral y Derechos Humanos A.C. (SEIINAC) (Pachuca, Hgo.); Tequio Jur\u00eddico A.C. (Oaxaca, Oax.); Voces Mesoamericanas, Acci\u00f3n con Pueblos Migrantes AC (San Crist\u00f3bal de las Casas, Chiapas).<\/p>\n\n\n\n<p>Seminario Estudios Urbanos Cr\u00edticos, UNAM<\/p>\n\n\n\n<p>Z\u00e4n\u00e4 Acompa\u00f1amiento Psicoterap\u00e9utico<\/p>\n\n\n\n<p><strong>Colectivas, colectivos y organizaciones:<\/strong><\/p>\n\n\n\n<p>+ Verde AC<\/p>\n\n\n\n<p>Acci\u00f3n Ecol\u00f3gica<\/p>\n\n\n\n<p>ACIPPS (Aproximaciones Colectivas, Incidencia Pol\u00edtica y Participaci\u00f3n Social)<\/p>\n\n\n\n<p>Alianza Sierra Madre<\/p>\n\n\n\n<p>Aluna Acompa\u00f1amiento Psicosocial<\/p>\n\n\n\n<p>APIZAQUENCE DEMOCR\u00c1TICAS E INDEPENDIENTE. UPADI<\/p>\n\n\n\n<p>Apoyo total a los compa\u00f1eros del plant\u00f3n contra el relleno sanitario de san Pedro Cholula y responsabilizamos al los gobiernos de los tres niveles de las aversiones a los tres<\/p>\n\n\n\n<p>Articulaci\u00f3n Yucat\u00e1n<\/p>\n\n\n\n<p>Asamblea Ciudadana en Defensa del agua en el Puerto de Veracruz<\/p>\n\n\n\n<p>Asamblea de los Pueblos Ind\u00edgenas del Istmo en Defensa de la Tierra y el Territorio \u2013 APIIDTT<\/p>\n\n\n\n<p>Asamblea Popular Resistencia Atlitic A. C.<\/p>\n\n\n\n<p>Asamblea Social del Agua<\/p>\n\n\n\n<p>Asociaci\u00f3n Jalisciense de Apoyo a los Grupos Ind\u00edgenas A.C.<\/p>\n\n\n\n<p>Asociaci\u00f3n por La Paz y los Derechos Humanos Taula per M\u00e8xic<\/p>\n\n\n\n<p>Autonom\u00eda San Gregorio<\/p>\n\n\n\n<p>Barrio Bajo<\/p>\n\n\n\n<p>Batallones Femeninos<\/p>\n\n\n\n<p>Bios Iguana A.C<\/p>\n\n\n\n<p>Brigada en defensa del territorio Xochiteco<\/p>\n\n\n\n<p>BRIGADAS EMILIANO ZAPATA DE M\u00c9XICO (BEZ-M\u00c9X)<\/p>\n\n\n\n<p>Caf\u00e9 Zapata Vive<\/p>\n\n\n\n<p>Carta MPI<\/p>\n\n\n\n<p>Casa CoMadreja \/ Alegr\u00eda Martinez Roa<\/p>\n\n\n\n<p>CASA OBRERA TLAXCALA.<\/p>\n\n\n\n<p>Casa Tochan<\/p>\n\n\n\n<p>CDH Tepeyac del Istmo de Tehuantepec, A. C.<\/p>\n\n\n\n<p>C\u00e9lula Ana Mar\u00eda Hern\u00e1ndez, Partido de los Comunistas<\/p>\n\n\n\n<p>Centro Cultural La F\u00e1brica Puebla<\/p>\n\n\n\n<p>Centro de Derechos Humanos \u2013 Espacios para la Defensa, el Florecimiento y Apoyo Comunitario (CDH-ESPADAC)<\/p>\n\n\n\n<p>Centro de Derechos Humanos \u201cFray Francisco de Vitoria OP\u201d, A.C.<\/p>\n\n\n\n<p>Centro de derechos humanos de los pueblos del Sur de Veracruz Bety Cari\u00f1o AC<\/p>\n\n\n\n<p>Centro de Derechos Humanos Fray Bartolom\u00e9 de Las Casas (Frayba)<\/p>\n\n\n\n<p>Centro de Estudios de la Regi\u00f3n Cuicateca<\/p>\n\n\n\n<p>Centro de Estudios Ecumenicos Ac<\/p>\n\n\n\n<p>Centro de Estudios Sociales y Culturales Antonio de Montesinos A.C.<\/p>\n\n\n\n<p>Centro Educativo Cultural y de Organizaci\u00f3n Social (CECOS Neza)<\/p>\n\n\n\n<p>Centro Integral de Psicolog\u00eda Asistencia Social AC<\/p>\n\n\n\n<p>Centro Jalisciense del Adulto Mayor<\/p>\n\n\n\n<p>Centro Nacional de Comunicaci\u00f3n Social AC<\/p>\n\n\n\n<p>Centro Regional de Derechos Humanos Bartolom\u00e9 Carrasco Brise\u00f1o AC<\/p>\n\n\n\n<p>Centro universitario comunal de mat\u00edas romero<\/p>\n\n\n\n<p>CNI Totonacapan<\/p>\n\n\n\n<p>Cochitlehua Centro Mexicano de Intercambios AC<\/p>\n\n\n\n<p>Colectiva Jirafa<\/p>\n\n\n\n<p>Colectiva M288, Juventud Comunista de M\u00e9xico<\/p>\n\n\n\n<p>Colectiva Magdalenas Diversas \u2013 Teatro de las Oprimidas<\/p>\n\n\n\n<p>Colectiva Mujeres que Luchan por la Vida<\/p>\n\n\n\n<p>Colectiva Nahualas Feministas desde la periferia.<\/p>\n\n\n\n<p>Colectiva Sue\u00f1a Dignidad<\/p>\n\n\n\n<p>Colectiva Xochimilcas Disidentes<\/p>\n\n\n\n<p>Colectivo \u201cVoz de los Desaparecidos en Puebla\u201d<\/p>\n\n\n\n<p>Colectivo 16 de octubre Calpulalpan<\/p>\n\n\n\n<p>Colectivo 16 de Octubre, Calpulalpan<\/p>\n\n\n\n<p>Colectivo Aequus.- Promoci\u00f3n y Defensa de Derechos Humanos<\/p>\n\n\n\n<p>Colectivo Casa Click<\/p>\n\n\n\n<p>Colectivo Chicuarotes Icnohuan<\/p>\n\n\n\n<p>Colectivo Contra la Tortura y la Impunidad<\/p>\n\n\n\n<p>Colectivo cultural ATANOR<\/p>\n\n\n\n<p>COLECTIVO DE GRUPOS DE LA ASAMBLEA DE BARRIOS DE LA CIUDAD DE M\u00c9XICO (CG-ABCM)<\/p>\n\n\n\n<p>Colectivo de Saneamiento y Restauraci\u00f3n de la Malintzi, Tlalcuapan<\/p>\n\n\n\n<p>Colectivo de Telefonistas Zapatistas<\/p>\n\n\n\n<p>Colectivo Educaci\u00f3n para la Paz y los Derechos Humanos A.C. (CEPAZDH)<\/p>\n\n\n\n<p>Colectivo Estudiantil Revolucionario<\/p>\n\n\n\n<p>Colectivo H\u00e9ctor Azar<\/p>\n\n\n\n<p>COLECTIVO HIJ@S DEL MA\u00cdZ PINTO TLAXCALA.<\/p>\n\n\n\n<p>Colectivo Huitzil Urbano<\/p>\n\n\n\n<p>Colectivo Interestatal Nubes en Peligro AC.<\/p>\n\n\n\n<p>Colectivo Luci\u00e9rnagas que Siembran<\/p>\n\n\n\n<p>Colectivo Matlalcueye Alseseca<\/p>\n\n\n\n<p>Colectivo Noche de los Mayas<\/p>\n\n\n\n<p>Colectivo por la dignidad de Calpan<\/p>\n\n\n\n<p>Colectivo Rodolfo Reyes Crespo<\/p>\n\n\n\n<p>Colectivo Semilla<\/p>\n\n\n\n<p>Colectivo Transdisciplinario de Investigaciones Cr\u00edticas<\/p>\n\n\n\n<p>Colectivo Utop\u00eda Puebla<\/p>\n\n\n\n<p>COMALETZIN AC<\/p>\n\n\n\n<p>Comida,no bombas Quer\u00e9taro<\/p>\n\n\n\n<p>Comit\u00e9 de Sociolog\u00eda H\u00eddrica Imaginaria<\/p>\n\n\n\n<p>Comit\u00e9 Popular de Derechos Humanos<\/p>\n\n\n\n<p>Comunidad Activa 420<\/p>\n\n\n\n<p>Concejo Aut\u00f3nomo de Santiago Mexquititlan Amealco Quer\u00e9taro<\/p>\n\n\n\n<p>Concejo de Mujeres Aut\u00f3nomas \u2013 COMAS<\/p>\n\n\n\n<p>Conciencia y Libertad.<\/p>\n\n\n\n<p>Conexiones Clim\u00e1ticas<\/p>\n\n\n\n<p>Confederaci\u00f3n Ind\u00edgena del Barrio de San Francisquito<\/p>\n\n\n\n<p>Consejo Ind\u00edgena Popular de Oaxaca \u201cRicardo Flores Mag\u00f3n\u201d CIPORFM<\/p>\n\n\n\n<p>Consejo Maseual Altepetajpianij<\/p>\n\n\n\n<p>Consejo Regional Totonaco sierra Norte de Puebla<\/p>\n\n\n\n<p>Construyendo Comunidad<\/p>\n\n\n\n<p>Contaminantes An\u00f3nimus<\/p>\n\n\n\n<p>Cooperativa Onergia<\/p>\n\n\n\n<p>Cooperativa Utop\u00eda de los Bosques S.C de C.V.<\/p>\n\n\n\n<p>Coordinaci\u00f3n de Familiares de Estudiantes V\u00edctimas de la Violencia<\/p>\n\n\n\n<p>Coordinador de organizaci\u00f3n campesinas e Ind\u00edgenas de la huasteca potosina AC<\/p>\n\n\n\n<p>Coordinadora nacional de organizaciones campesinos y sociales conosoc AC<\/p>\n\n\n\n<p>Corriente del Pueblo Sol Rojo<\/p>\n\n\n\n<p>COTIC<\/p>\n\n\n\n<p>Cotic Cuetzalan<\/p>\n\n\n\n<p>CulturAula<\/p>\n\n\n\n<p>Daniel Alejandro Vald\u00e9s Amaro, director colectivo +integridad<\/p>\n\n\n\n<p>Defensores del mar, mungier ndyuck ac<\/p>\n\n\n\n<p>Derechos de la Madre Tierra M\u00e9xico<\/p>\n\n\n\n<p>Desarrollo y Aprendizaje Solidario AC<\/p>\n\n\n\n<p>don Anah\u00ed (Colectivo Arbol)<\/p>\n\n\n\n<p>Ecofeministlax<\/p>\n\n\n\n<p>Ecos de la sal radio ind\u00edgena comunitaria<\/p>\n\n\n\n<p>El terreno del t\u00edo chayote<\/p>\n\n\n\n<p>Engenera AC<\/p>\n\n\n\n<p>Escuela de Salud Comunitaria Alina S\u00e1nchez<\/p>\n\n\n\n<p>Escuelita Xipetotec<\/p>\n\n\n\n<p>Espacio de Lucha contra el Olvido y la Represi\u00f3n<\/p>\n\n\n\n<p>Espora Media<\/p>\n\n\n\n<p>Esteban ocotoxtle<\/p>\n\n\n\n<p>Facundo cazares<\/p>\n\n\n\n<p>Feministas de izquierda 19 Marzo<\/p>\n\n\n\n<p>Fondo Defensores<\/p>\n\n\n\n<p>Foro de mujeres originarias de pueblos y barrios originarios de la cuenca del an\u00e1huac<\/p>\n\n\n\n<p>Frente de trabajador@s por el derecho a la salud<\/p>\n\n\n\n<p>Frente Juvenil en Defensa de Tepoztl\u00e1n, Morelos<\/p>\n\n\n\n<p>Frente Nacional de Lucha por el Socialismo<\/p>\n\n\n\n<p>Frente obrero con fines comunes.<\/p>\n\n\n\n<p>Frente por la Defensa de los Derechos de los Pueblos y Barrios del An\u00e1huac<\/p>\n\n\n\n<p>Frente por la Defensa de los Derechos de Pueblos y Barrios Originarios del An\u00e1huac<\/p>\n\n\n\n<p>Frente unido todos somos cacalotepec<\/p>\n\n\n\n<p>Frente Xonacatl\u00e1n en resistencia<\/p>\n\n\n\n<p>Fridays For Future M\u00e9xico (Viernes por el Futuro M\u00e9xico)<\/p>\n\n\n\n<p>Frontera con Justicia A.C. [Casa del Migrante Saltillo]<\/p>\n\n\n\n<p>Frontera con Justicia AC [Casa del Migrante Saltillo]<\/p>\n\n\n\n<p>Genera, AC<\/p>\n\n\n\n<p>Geo-graf\u00edas Comunitarias<\/p>\n\n\n\n<p>GeoBrujas, comunidad de ge\u00f3grafas<\/p>\n\n\n\n<p>Geocomunes<\/p>\n\n\n\n<p>Granja La Tierra<\/p>\n\n\n\n<p>Grupo de apoyo en solidaridad con Miguel Peralta<\/p>\n\n\n\n<p>Grupo ecologista la promesa<\/p>\n\n\n\n<p>Hijxs de Tierra<\/p>\n\n\n\n<p>iconoclastrans*<\/p>\n\n\n\n<p>Iniciativa Ecofeminaria<\/p>\n\n\n\n<p>Iniciativas para el Desarrollo de la Mujer Oaxaque\u00f1a (IDEMO)<\/p>\n\n\n\n<p>Instituto Cultural Aut\u00f3nomo \u201cRub\u00e9n Jaramillo M\u00e9nez\u201d, Morelos, M\u00e9xico<\/p>\n\n\n\n<p>Instituto de Derechos Humanos Ignacio Ellacur\u00eda SJ<\/p>\n\n\n\n<p>Instituto Mexicano Para el Desarrollo Comunitario, A.C. (IMDEC)<\/p>\n\n\n\n<p>Izquierda Democr\u00e1tica Popular<\/p>\n\n\n\n<p>Jard\u00edn Bot\u00e1nico de Colima AC<\/p>\n\n\n\n<p>JMRAMQUITL<\/p>\n\n\n\n<p>Kalli Luz Marina AC<\/p>\n\n\n\n<p>La Asamblea Veracruzana de Iniciativas y Defensa Ambiental<\/p>\n\n\n\n<p>La CHUR&nbsp; de San Andr\u00e9s Cholula Puebla<\/p>\n\n\n\n<p>La experimental taller<\/p>\n\n\n\n<p>La Mandarina, Dir. Pilar Monterrubio<\/p>\n\n\n\n<p>La Sand\u00eda Digital<\/p>\n\n\n\n<p>Laboratorio Popular de Medios Libres<\/p>\n\n\n\n<p>LibresYa Comisi\u00f3n por la libertad de Karla y Magda<\/p>\n\n\n\n<p>Liga Comunista de M\u00e9xico<\/p>\n\n\n\n<p>Lxs Hijxs del Ma\u00edz Pinto Tlaxcala<\/p>\n\n\n\n<p>Lxs Hijxs del Ma\u00edz Pinto, Tlaxcala, M\u00e9xico.<\/p>\n\n\n\n<p>Mazatecas por la Libertad<\/p>\n\n\n\n<p>MEDIO AMBIENTE Y SOCIEDAD, A.C.<\/p>\n\n\n\n<p>MIGALA<\/p>\n\n\n\n<p>Milpa Constelaci\u00f3n<\/p>\n\n\n\n<p>Movimiento Comunista Mexicano- Puebla<\/p>\n\n\n\n<p>Movimiento de Articulaci\u00f3n de los Pueblos Olvidados de la Ca\u00f1ada-Sierra Mazateca<\/p>\n\n\n\n<p>Movimiento Magisterial Jalisciense<\/p>\n\n\n\n<p>Movimiento para la salud de los pueblos<\/p>\n\n\n\n<p>MPP<\/p>\n\n\n\n<p>Mujeres y la Sexta<\/p>\n\n\n\n<p>MULTI \u2013 Movimiento de Unificaci\u00f3n y Lucha Triqui Independiente<\/p>\n\n\n\n<p>Ni Metzita<\/p>\n\n\n\n<p>Nodho<\/p>\n\n\n\n<p>Nodho de Derechos Humanos<\/p>\n\n\n\n<p>Observatorio Memoria y Libertad<\/p>\n\n\n\n<p>OLEP<\/p>\n\n\n\n<p>Organizaci\u00f3n Familia Pasta de Conchos<\/p>\n\n\n\n<p>Organizaci\u00f3n Pol\u00edtico Cultural CLETA<\/p>\n\n\n\n<p>Organizaciones Indias Por los Derechos Humanos en Oaxaca ( OIDHO)<\/p>\n\n\n\n<p>Periferia<\/p>\n\n\n\n<p>Peri\u00f3dico Machetearte<\/p>\n\n\n\n<p>PerraSlam<\/p>\n\n\n\n<p>Pobladores AC<\/p>\n\n\n\n<p>Pobladores Oaxaca<\/p>\n\n\n\n<p>Pr\u00e1ctica Laboratorio para la Democracia<\/p>\n\n\n\n<p>Proyecto Cooperativo Teozentli y Comuna Cultural Nahui Mazatl<\/p>\n\n\n\n<p>Proyecto Cooperativo Teozentli y Comuna Cultural Nahui Mazatl<\/p>\n\n\n\n<p>Proyecto Libre Educaci\u00f3n y Autonom\u00eda<\/p>\n\n\n\n<p>Proyecto Migala<\/p>\n\n\n\n<p>Proyecto Migala Puebla, \u00c1ngel Francisco<\/p>\n\n\n\n<p>Proyecto sobre Organizaci\u00f3n, Desarrollo, Educaci\u00f3n e Investigaci\u00f3n (PODER)<\/p>\n\n\n\n<p>Puebla Animal Save<\/p>\n\n\n\n<p>Puebla Climate Save<\/p>\n\n\n\n<p>Puebla Sustentable<\/p>\n\n\n\n<p>Pueblos Unidos<\/p>\n\n\n\n<p>PuntoFinal (Autogesti\u00f3n Sustentable)<\/p>\n\n\n\n<p>Radio Chikuarote<\/p>\n\n\n\n<p>Radio Coatl Comunitaria Indigena.<\/p>\n\n\n\n<p>Radio Zapote<\/p>\n\n\n\n<p>RADIO ZAPOTE<\/p>\n\n\n\n<p>RADIO ZAPOTE<\/p>\n\n\n\n<p>Ra\u00edces del camell\u00f3n en resistencia<\/p>\n\n\n\n<p>Ra\u00edces en Resistencia<\/p>\n\n\n\n<p>Red de Artistas brujas<\/p>\n\n\n\n<p>Red de Defensa de los Derechos Humanos<\/p>\n\n\n\n<p>Red de derechos humanos Cuali Nemilistli<\/p>\n\n\n\n<p>Red de Informaci\u00f3n y Acci\u00f3n Ambiental de Veracruz (RIAAVER)<\/p>\n\n\n\n<p>Red Juvenil Ak Na\u2019<\/p>\n\n\n\n<p>Red Movimiento y Coraz\u00f3n Zapatista<\/p>\n\n\n\n<p>Red Nacional de Abogadas Ind\u00edgenas cap\u00edtulo Puebla<\/p>\n\n\n\n<p>Red Unidos por los Derechos Humanos RUDH<\/p>\n\n\n\n<p>Regeneraci\u00f3n Radio<\/p>\n\n\n\n<p>Resistencia Chinampera<\/p>\n\n\n\n<p>Resonancias Radio<\/p>\n\n\n\n<p>Revive M\u00e9xico AC<\/p>\n\n\n\n<p>Revuelta de las Semillas<\/p>\n\n\n\n<p>RIZOMA<\/p>\n\n\n\n<p>Riz\u00f3sfera. Espacio convivial y de abonos org\u00e1nicos<\/p>\n\n\n\n<p>Semillero (Xochimilco)<\/p>\n\n\n\n<p>Seminario de Estudios Socioh\u00eddricos ICSYH-BUAP<\/p>\n\n\n\n<p>Servicio para una Educaci\u00f3n Alternativa EDUCA Oaxaca A.C.<\/p>\n\n\n\n<p><strong>Servicios de Inclusi\u00f3n Integral y Derechos Humanos A.C.<\/strong><\/p>\n\n\n\n<p>(Alba Olea, Alejandro Guzm\u00e1n,Alondra Fierro, Alonso Guti\u00e9rrez, Ana Laura Dom\u00ednguez, \u00c1ngela Camacho, Atzelbi Libertad Hern\u00e1ndez, Carla Isabel Su\u00e1rez, Carlos Alejandro Hurtado, Carlos Francisco Betancourt, Emilio Mora, Fernanda Galindo, Georgina Garc\u00eda, Gerardo V\u00e1zquez, Humberto Laguna, Itzael Maga\u00f1a, Jimena S\u00e1nchez, Jorge Alejandro M\u00e9ndez, Julia Mendoza, Julia Moreno, Katia Cisneros, Marco Antonio Degollado, Paola S\u00e1nchez, Rub\u00e9n Colmenares, Selene Laguna, Sof\u00eda Beatriz Acosta, Tania Lara, Tom\u00e1s Antonio Baroja, Valeria Sara\u00ed Vel\u00e1zquez)<\/p>\n\n\n\n<p>Tejiendo Organizaci\u00f3n Revolucionaria<\/p>\n\n\n\n<p>Tierra de Volcanes Agrocultural<\/p>\n\n\n\n<p>Tierra F\u00e9rtil<\/p>\n\n\n\n<p>Tierra Grande<\/p>\n\n\n\n<p>Tierra y libertad<\/p>\n\n\n\n<p>Tisennenemi Asociaci\u00f3n Civil<\/p>\n\n\n\n<p>TOCHAN NUESTRA CASA AC<\/p>\n\n\n\n<p>Trece MonXs Cooperativa<\/p>\n\n\n\n<p>Unidad Ind\u00edgena Totonaca N\u00e1huatl \u2013 Organizaci\u00f3n Independiente Totonaca<\/p>\n\n\n\n<p>Uni\u00f3n Afromexicana de Chiapas<\/p>\n\n\n\n<p>UNI\u00d3N DE COMUNIDADES IND\u00cdGENAS DE LA ZONA NORTE DEL ISTMO.<\/p>\n\n\n\n<p>Uni\u00f3n Nacional de Trabajadores Agr\u00edcolas Oaxaca<\/p>\n\n\n\n<p>UNION POPULAR POPULAR<\/p>\n\n\n\n<p>Universidad de la Tierra en Puebla,&nbsp; AC<\/p>\n\n\n\n<p>Viernes por el Futuro Puebla<\/p>\n\n\n\n<p>Vocer@s de la madre tierra<\/p>\n\n\n\n<p>Voces Mesoamericana, Acci\u00f3n con Pueblos Migrantes<\/p>\n\n\n\n<p>Yolchikautapajtiani DH<\/p>\n\n\n\n<p>Yolpakilis, colectivo de mujeres por los derechos humanos, A.C.<\/p>\n\n\n\n<p><strong>Individu@s:<\/strong><\/p>\n\n\n\n<ol class=\"wp-block-list\">\n<li>Lozada<\/li>\n<\/ol>\n\n\n\n<p>Aaron Tenorio nava<\/p>\n\n\n\n<p>Abel Crist\u00f3bal<\/p>\n\n\n\n<p>Abigail Galicia Cort\u00e9s<\/p>\n\n\n\n<p>Abigail Reyes Chavez<\/p>\n\n\n\n<p>Abraham<\/p>\n\n\n\n<p>Abraham Contreras Mart\u00ednez<\/p>\n\n\n\n<p>Abraham Emanuel Juarez Gonz\u00e1lez<\/p>\n\n\n\n<p>Abraham Yahir flores palacios<\/p>\n\n\n\n<p>Abril Belen Coca Aburto<\/p>\n\n\n\n<p>Abril Ledesma<\/p>\n\n\n\n<p>Abryl Contreras<\/p>\n\n\n\n<p>Abzurdo Ch\u00e1vez<\/p>\n\n\n\n<p>Ada Cabrera Garc\u00eda<\/p>\n\n\n\n<p>Ad\u00e1n Garc\u00eda Mart\u00ednez<\/p>\n\n\n\n<p>Adara GV<\/p>\n\n\n\n<p>Adri\u00e1n L\u00f3pez Angulo<\/p>\n\n\n\n<p>Adri\u00e1n P\u00e1ramo<\/p>\n\n\n\n<p>Adriana Flores<\/p>\n\n\n\n<p>Adriana Flores Flores<\/p>\n\n\n\n<p>Adriana Rodr\u00edguez Pineda<\/p>\n\n\n\n<p>Adriana Serrano Mej\u00eda<\/p>\n\n\n\n<p>Agust\u00edn Contreras<\/p>\n\n\n\n<p>Agust\u00edn Moyotl Acuahuitl<\/p>\n\n\n\n<p>Aketzalli Rueda<\/p>\n\n\n\n<p>Alba Olea<\/p>\n\n\n\n<p>Alberto Coria Jim\u00e9nez<\/p>\n\n\n\n<p>Alberto Feliciano Severiano<\/p>\n\n\n\n<p>Alberto Sol\u00eds Castro<\/p>\n\n\n\n<p>Albino Pedro Juan<\/p>\n\n\n\n<p>Ale Marce<\/p>\n\n\n\n<p>Aleida Azamar Alonso\/ Universidad Aut\u00f3noma Metropolitana<\/p>\n\n\n\n<p>Aleida Noriega Papaqui<\/p>\n\n\n\n<p>Aleida Pardo Mart\u00ednez<\/p>\n\n\n\n<p>Alejandra Ameyalli G\u00e1lvez S\u00e1nchez<\/p>\n\n\n\n<p>Alejandra Ignacio Cruz<\/p>\n\n\n\n<p>Alejandra Jim\u00e9nez<\/p>\n\n\n\n<p>Alejandra Jim\u00e9nez Ram\u00edrez<\/p>\n\n\n\n<p>Alejandra Ju\u00e1rez<\/p>\n\n\n\n<p>Alejandra L\u00f3pez Garc\u00eda<\/p>\n\n\n\n<p>Alejandra Romero cabrera<\/p>\n\n\n\n<p>Alejandro Carvajal<\/p>\n\n\n\n<p>Alejandro Cruz Juarez<\/p>\n\n\n\n<p>Alejandro Cuatlehuatl Coyopol<\/p>\n\n\n\n<p>Alejandro de Alba<\/p>\n\n\n\n<p>Alejandro Fujigaki<\/p>\n\n\n\n<p>Alejandro Gonz\u00e1lez Rebollo<\/p>\n\n\n\n<p>Alejo Giron Carrasco<\/p>\n\n\n\n<p>Alex<\/p>\n\n\n\n<p>Alex Guzm\u00e1n Sanguino<\/p>\n\n\n\n<p>Alexia M M<\/p>\n\n\n\n<p>Alfonso Ortiz Moreno<\/p>\n\n\n\n<p>Alfredo Soriano Rojas<\/p>\n\n\n\n<p>Alfredo Uriel Cazar\u00edn Estrada<\/p>\n\n\n\n<p>Alheli Ortiz Flores<\/p>\n\n\n\n<p>Alicia Castellanos<\/p>\n\n\n\n<p>Alicia Garcia Cortes<\/p>\n\n\n\n<p>Allexia Karina Manzur Cruz<\/p>\n\n\n\n<p>Alma Ang\u00e9lica Badillo<\/p>\n\n\n\n<p>Alma Jacobo Morales<\/p>\n\n\n\n<p>Alma Leticia Le\u00f3n Salazar<\/p>\n\n\n\n<p>Alma Zamora Mendez<\/p>\n\n\n\n<p>Alondra Hern\u00e1ndez<\/p>\n\n\n\n<p>Alondra Villegas Toledo<\/p>\n\n\n\n<p>\u00c1lvaro L\u00f3pez R\u00edos, Srio. Gral. Uni\u00f3n Nacional de Trabajadores Agr\u00edcolas.<\/p>\n\n\n\n<p>Amadeo Vazquez Cruz<\/p>\n\n\n\n<p>Ana Anaya<\/p>\n\n\n\n<p>Ana Collado Tirado<\/p>\n\n\n\n<p>Ana Cristina Tecpanecatl porquillo<\/p>\n\n\n\n<p>Ana Karen Flores S\u00e1nchez<\/p>\n\n\n\n<p>Ana Karina Mendoza Garc\u00eda<\/p>\n\n\n\n<p>Ana Laura Espinoza<\/p>\n\n\n\n<p>Ana Laura Serratos Cabrera<\/p>\n\n\n\n<p>Ana Lluvia Garc\u00eda Vilchis<\/p>\n\n\n\n<p>Ana Marcela S\u00e1nchez Flores<\/p>\n\n\n\n<p>Ana Mar\u00eda Corro<\/p>\n\n\n\n<p>Ana Mar\u00eda P\u00e9rez<\/p>\n\n\n\n<p>Ana Mar\u00eda Vera Smith<\/p>\n\n\n\n<p>Ana Pelz<\/p>\n\n\n\n<p>Ana Ruiz Cerro<\/p>\n\n\n\n<p>Ana Valenzuela (colectivo tabachines)<\/p>\n\n\n\n<p>Anah\u00ed Olivos Gonz\u00e1lez<\/p>\n\n\n\n<p>Andrea Hern\u00e1ndez Latoree<\/p>\n\n\n\n<p>Andrea Pineda Villa<\/p>\n\n\n\n<p>Andrea Reyes V\u00e1zquez<\/p>\n\n\n\n<p>Andrea Rodr\u00edguez Moreno-RAIS<\/p>\n\n\n\n<p>Andrea Tejada Cadena<\/p>\n\n\n\n<p>Andrea Yocelin Mena<\/p>\n\n\n\n<p>Andreas Bethmann<\/p>\n\n\n\n<p>Angel Berm\u00fadez Aparicio<\/p>\n\n\n\n<p>\u00c1ngela Sof\u00eda Garc\u00eda Estrada<\/p>\n\n\n\n<p>Ang\u00e9lica Ayala Galv\u00e1n<\/p>\n\n\n\n<p>Ang\u00e9lica Fuentes<\/p>\n\n\n\n<p>Antonio Bautista Ortu\u00f1o<\/p>\n\n\n\n<p>Antonio Bravo Avenda\u00f1o<\/p>\n\n\n\n<p>Antonio Ferrer<\/p>\n\n\n\n<p>Antonio Flores Gonz\u00e1lez<\/p>\n\n\n\n<p>Antonio Heredia V\u00e1zquez<\/p>\n\n\n\n<p>Anyi B Valerdi<\/p>\n\n\n\n<p>Apoyo en defensa de las tierras y agua<\/p>\n\n\n\n<p>Araceli C. Tehuitzil<\/p>\n\n\n\n<p>Araceli Gonz\u00e1lez Moyaho<\/p>\n\n\n\n<p>Araceli Osorio Martinez Defensora DDHH<\/p>\n\n\n\n<p>Aracelia Guerrero Rodr\u00edguez<\/p>\n\n\n\n<p>Aranza Yomayra Valerdi Alvarado<\/p>\n\n\n\n<p>Arcelia Isbet Su\u00e1rez Sarmiento<\/p>\n\n\n\n<p>Arely Hayde Martinez Rodriguez<\/p>\n\n\n\n<p>Argelia Betanzos<\/p>\n\n\n\n<p>Argelia perrusquia Pi\u00f1a<\/p>\n\n\n\n<p>Ariadna Maldonado<\/p>\n\n\n\n<p>Ariadna Quiroz Flores<\/p>\n\n\n\n<p>Arian y ba\u00f1ez<\/p>\n\n\n\n<p>Ariana Escalante<\/p>\n\n\n\n<p>Arissa Danae Gonzalez Bautista<\/p>\n\n\n\n<p>Arlen Contreras Martinez<\/p>\n\n\n\n<p>Arlen Contreras Martinez<\/p>\n\n\n\n<p>Aroa de la Fuente L\u00f3pez<\/p>\n\n\n\n<p>Arturo And\u00e9rica Pelayo<\/p>\n\n\n\n<p>Arturo Vengas<\/p>\n\n\n\n<p>Ascenci\u00f3n S\u00e1nchez<\/p>\n\n\n\n<p>Atzimba Torres Madrigal<\/p>\n\n\n\n<p>Aura \u00a7<\/p>\n\n\n\n<p>\u00c1urea Flores<\/p>\n\n\n\n<p>B\u00e1rbara Bautista Lim\u00f3n<\/p>\n\n\n\n<p>Baruch<\/p>\n\n\n\n<p>Beatriz Cesar<\/p>\n\n\n\n<p>Beatriz D\u00edaz Campos<\/p>\n\n\n\n<p>Beatriz Escalante<\/p>\n\n\n\n<p>Beatriz gonz\u00e1lez l\u00f3pez<\/p>\n\n\n\n<p>Beatriz Gutierrez<\/p>\n\n\n\n<p>Beatriz Hern\u00e1ndez<\/p>\n\n\n\n<p>Beatriz Maria Teresa Tetzpa Ram\u00edrez<\/p>\n\n\n\n<p>Bel\u00e9n Esmeralda Lopez Antuna<\/p>\n\n\n\n<p>Benjamin Guerra Sosa<\/p>\n\n\n\n<p>Benjam\u00edn Hern\u00e1ndez Cadena<\/p>\n\n\n\n<p>Bermary Garc\u00eda Monsreal<\/p>\n\n\n\n<p>Bernadette Martinez Hernandez<\/p>\n\n\n\n<p>Bernardino Zavala Jim\u00e9nez<\/p>\n\n\n\n<p>Blanca Alberta Rodr\u00edguez V\u00e1zquez<\/p>\n\n\n\n<p>Blanca Estrella Ruiz<\/p>\n\n\n\n<p>Blanca Hernandez<\/p>\n\n\n\n<p>Blanca Ibarra Arias.<\/p>\n\n\n\n<p>Blanca Laura Cordero<\/p>\n\n\n\n<p>Brandon Ramos M\u00e9ndez<\/p>\n\n\n\n<p>Brenda Alejandra Rica\u00f1o Romero<\/p>\n\n\n\n<p>Brenda Mariana Martinez<\/p>\n\n\n\n<p>Byron Lechuga<\/p>\n\n\n\n<p>Camila Sanchez<\/p>\n\n\n\n<p>Camila Vera<\/p>\n\n\n\n<p>Candelaria Paula Herrera reyes<\/p>\n\n\n\n<p>Carla V\u00e1zquez Mendieta<\/p>\n\n\n\n<p>CARLOS BEAS TORRES<\/p>\n\n\n\n<p>Carlos Daniel Tecpoyotl Torres<\/p>\n\n\n\n<p>Carlos Guadalupe Heiras Rodr\u00edguez<\/p>\n\n\n\n<p>Carlos Jaimes<\/p>\n\n\n\n<p>Carlos Omar Villarreal<\/p>\n\n\n\n<p>Carlos Rogelio Cort\u00e9s Ch\u00e1vez (Colectivo de Profesores en la Sexta)<\/p>\n\n\n\n<p>Carlos santiago<\/p>\n\n\n\n<p>Carlos Tornel<\/p>\n\n\n\n<p>Carolina Herrera Baltazares<\/p>\n\n\n\n<p>Carolina Lara Visconti<\/p>\n\n\n\n<p>Carolina Ramirez<\/p>\n\n\n\n<p>Cecilia Barocio<\/p>\n\n\n\n<p>Cecilia L\u00f3pez de la Rosa<\/p>\n\n\n\n<p>Cecilia Mart\u00ednez<\/p>\n\n\n\n<p>Cecilia S\u00e1nchez Mart\u00ednez<\/p>\n\n\n\n<p>Cecilia V\u00e1zquez<\/p>\n\n\n\n<p>Cecilia Zeled\u00f3n<\/p>\n\n\n\n<p>Cedric II Mart\u00ednez Tapia<\/p>\n\n\n\n<p>Centro de Derechos Humanos Fray Francisco de Vitoria<\/p>\n\n\n\n<p>C\u00e9sar Hern\u00e1ndez Neri CNTE Estado de M\u00e9xico<\/p>\n\n\n\n<p>Cesar Neri Ortega<\/p>\n\n\n\n<p>Cesar Valdovinos Flores<\/p>\n\n\n\n<p>Chander Tonatiuh Madrid Galicia<\/p>\n\n\n\n<p>Chaneque<\/p>\n\n\n\n<p>Christian Estrella Uscanga<\/p>\n\n\n\n<p>Cipatli Jim\u00e9nez Vera COTIC<\/p>\n\n\n\n<p>Citlali Jim\u00e9nez<\/p>\n\n\n\n<p>Citlalli Flores<\/p>\n\n\n\n<p>Claudia Andrea Crespo Romero<\/p>\n\n\n\n<p>Claudia Fernanda Morales Mart\u00ednez<\/p>\n\n\n\n<p>Claudia Gonz\u00e1lez Resendiz<\/p>\n\n\n\n<p>Claudia Gonz\u00e1lez Resendiz<\/p>\n\n\n\n<p>Claudia Guti\u00e9rrez Santos<\/p>\n\n\n\n<p>Claudia Jimena Dom\u00ednguez Bola\u00f1os<\/p>\n\n\n\n<p>Claudia Ortiz Teyssier<\/p>\n\n\n\n<p>Comit\u00e9 de Derechos Humanos Fray pedro Lorenzo de la nada<\/p>\n\n\n\n<p>Concepci\u00f3n Sorroza Ocho trueno<\/p>\n\n\n\n<p>Concepci\u00f3n Tecuatl Porquillo<\/p>\n\n\n\n<p>Conrado cesar romero<\/p>\n\n\n\n<p>Constanza Nieto Carachure<\/p>\n\n\n\n<p>Coral Rojas Espinoza<\/p>\n\n\n\n<p>Cristina Esmeralda V\u00e1zquez Xicot\u00e9ncatl<\/p>\n\n\n\n<p>Cristina Jim\u00e9nez<\/p>\n\n\n\n<p>Cynthya Mart\u00ednez<\/p>\n\n\n\n<p>Dahlia Del Castillo Trujillo<\/p>\n\n\n\n<p>Dalia Mart\u00ednez<\/p>\n\n\n\n<p>Daniel De la Vega<\/p>\n\n\n\n<p>Daniel P. G\u00e1mez<\/p>\n\n\n\n<p>Daniela Cajica Leon<\/p>\n\n\n\n<p>Daniela Dorantes may\u00f3<\/p>\n\n\n\n<p>Daniela Ju\u00e1rez<\/p>\n\n\n\n<p>Daniela Mar\u00edn<\/p>\n\n\n\n<p>Daraskatalitika<\/p>\n\n\n\n<p>davecita1@outlook.com<\/p>\n\n\n\n<p>David Benitez Salgado<\/p>\n\n\n\n<p>David Huitzil Chapul<\/p>\n\n\n\n<p>DAVID JIMENEZ<\/p>\n\n\n\n<p>David Mu\u00f1oz<\/p>\n\n\n\n<p>David salgado benitez<\/p>\n\n\n\n<p>David Salgado benitez<\/p>\n\n\n\n<p>David Sosa Guerrero<\/p>\n\n\n\n<p>David Tlacuilo<\/p>\n\n\n\n<p>Dayana Margarita V\u00e1zquez Garc\u00eda<\/p>\n\n\n\n<p>Demian Pi\u00f1on Pensamiento<\/p>\n\n\n\n<p>Deni Valo<\/p>\n\n\n\n<p>Denisse Torres Herrera<\/p>\n\n\n\n<p>Deyanira Daniel Olvera<\/p>\n\n\n\n<p>Diana Itzu Guti\u00e9rrez Luna<\/p>\n\n\n\n<p>Diana Montes Mungu\u00eda<\/p>\n\n\n\n<p>Diego Alexis Ram\u00edrez Morales<\/p>\n\n\n\n<p>Diego Andre Rodriguez Bravo<\/p>\n\n\n\n<p>Diego Armando Mej\u00eda Pic\u00f3n<\/p>\n\n\n\n<p>Diego Garc\u00eda, UPREZ Benito Ju\u00e1rez<\/p>\n\n\n\n<p>Diego Laurenti Sellers<\/p>\n\n\n\n<p>Diego Leiton<\/p>\n\n\n\n<p>Dinorah Ponce<\/p>\n\n\n\n<p>Dolores Rojas Rubio<\/p>\n\n\n\n<p>Dolores Salazar Hern\u00e1ndez<\/p>\n\n\n\n<p>Domingo Ixehuatl Almonte<\/p>\n\n\n\n<p>Dominique Reyes Marcial<\/p>\n\n\n\n<p>Dora Nely Fuentes Hern\u00e1ndez<\/p>\n\n\n\n<p>Dra Antropolog\u00eda Social Imuris Valle<\/p>\n\n\n\n<p>Dulce de Ita<\/p>\n\n\n\n<p>Dulce Mar\u00eda Castro Coyotl<\/p>\n\n\n\n<p>Dulce Mar\u00eda V\u00e1zquez Caro<\/p>\n\n\n\n<p>E Flores Garc\u00eda<\/p>\n\n\n\n<ol class=\"wp-block-list\">\n<li>Monica Benitez Ju\u00e1rez<\/li>\n<\/ol>\n\n\n\n<p>Edgar Alfredo Reyes Espinoza<\/p>\n\n\n\n<p>Edgar George Gutierrez<\/p>\n\n\n\n<p>Edgar Ramirez Garcia<\/p>\n\n\n\n<p>Edgar Rodriguez Espinoza<\/p>\n\n\n\n<p>Edith Cirne<\/p>\n\n\n\n<p>Edith Gabriela Aquino Flores<\/p>\n\n\n\n<p>Edith Victorino<\/p>\n\n\n\n<p>Eduardo<\/p>\n\n\n\n<p>Eduardo Alejandro Carrera Graniel<\/p>\n\n\n\n<p>Eduardo Anzures<\/p>\n\n\n\n<p>Eduardo Garcia Vasquez<\/p>\n\n\n\n<p>Eduardo Jimenez Soto<\/p>\n\n\n\n<p>Eduardo P\u00e9rez Salazar<\/p>\n\n\n\n<p>Efra\u00edn Rojas Bruschetta<\/p>\n\n\n\n<p>Efr\u00e9n Palacios Rosas<\/p>\n\n\n\n<p>Eleazar Velasco Calixto<\/p>\n\n\n\n<p>Elena coyotecatl amastal<\/p>\n\n\n\n<p>Elena Karina Zarate Velasco<\/p>\n\n\n\n<p>Elena Madrid<\/p>\n\n\n\n<p>Elena Mor\u00faa<\/p>\n\n\n\n<p>Eli Vocera de la madre tierra<\/p>\n\n\n\n<p>Elia Noemi Vazquez Martinez<\/p>\n\n\n\n<p>Eliana Costa Marquez<\/p>\n\n\n\n<p>Elias Juarez Xicale<\/p>\n\n\n\n<p>Elias Meneses Vega<\/p>\n\n\n\n<p>ELIDE GONZALEZ VILLA<\/p>\n\n\n\n<p>Elis Mendoza<\/p>\n\n\n\n<p>Elisa Galvan<\/p>\n\n\n\n<p>Elisa Montserrat Flores Moran<\/p>\n\n\n\n<p>Eliu Emmanuel<\/p>\n\n\n\n<p>Elizabeth Gaspar Mart\u00ednez<\/p>\n\n\n\n<p>Elizabeth Lourdes Mart\u00ednez Romano \u2013 FUDEPPA<\/p>\n\n\n\n<p>Elizabeth Toxtle<\/p>\n\n\n\n<p>\u00c9lo\u00eds\u00e1 Iiiry Drimi<\/p>\n\n\n\n<p>Elsa Ivette Jim\u00e9nez Valdez<\/p>\n\n\n\n<p>Elvia Olga Paredes Cabrera<\/p>\n\n\n\n<p>Elvia Solares Ch\u00e1vez<\/p>\n\n\n\n<p>Emilia carrillo mu\u00f1oz<\/p>\n\n\n\n<p>Emilia Romero Arenas<\/p>\n\n\n\n<p>Emma Alicia Canales<\/p>\n\n\n\n<p>Emma Ortega Reyes<\/p>\n\n\n\n<p>Emma Rosa Isela Castillo Flores<\/p>\n\n\n\n<p>Emmanuel castro Ju\u00e1rez<\/p>\n\n\n\n<p>Emmanuel Dom\u00ednguez Luna<\/p>\n\n\n\n<p>Emmanuel Doncel santos<\/p>\n\n\n\n<p>Emmanuel Silva Leal<\/p>\n\n\n\n<p>Emmanuel Solis Ramirez<\/p>\n\n\n\n<p>Enrique P\u00e1ez Alfaro (Comida no Bombas Quer\u00e9taro)<\/p>\n\n\n\n<p>Enrique Zeferino Barrera<\/p>\n\n\n\n<p>Enriqueta<\/p>\n\n\n\n<p>Erendira Labarreda Vergara<\/p>\n\n\n\n<p>Er\u00e9ndira Luna<\/p>\n\n\n\n<p>Erica Luciano Martinez<\/p>\n\n\n\n<p>Erick Iglesias<\/p>\n\n\n\n<p>Erick Marquez Tepox<\/p>\n\n\n\n<p>Erik Coyotl Lozada<\/p>\n\n\n\n<p>Erik Rafael Molina Arellano<\/p>\n\n\n\n<p>Erika Cordoba Torres<\/p>\n\n\n\n<p>Erika Yaneli Martinez Rodr\u00edguez<\/p>\n\n\n\n<p>Erika. Sancruz<\/p>\n\n\n\n<p>Erin Alexia Medina<\/p>\n\n\n\n<p>Ernesto Castillo Mexicano<\/p>\n\n\n\n<p>Esperanza Salazar Zenil<\/p>\n\n\n\n<p>Esteban M<\/p>\n\n\n\n<p>Estefania Caro Olvera<\/p>\n\n\n\n<p>Estefan\u00eda Gasper\u00edn L\u00f3pez<\/p>\n\n\n\n<p>Estela Hern\u00e1ndez<\/p>\n\n\n\n<p>Estrella del Carmen Morales de la Pe\u00f1a<\/p>\n\n\n\n<p>Eugenia Azcatl Hernandez<\/p>\n\n\n\n<p>Eugenia Vigil<\/p>\n\n\n\n<p>Eva Ar\u00e1n Vidal<\/p>\n\n\n\n<p>Eva Eugenia Alonso Hern\u00e1ndez<\/p>\n\n\n\n<p>Eva Mar\u00eda Serna Ar\u00e1n<\/p>\n\n\n\n<p>Evelin Coyotl Itzcoatl<\/p>\n\n\n\n<p>Everardo Correa Aguilar<\/p>\n\n\n\n<p>FABIAN BAUTISTA VAZQUEZ<\/p>\n\n\n\n<p>Fabiola De Anda P\u00e9rez<\/p>\n\n\n\n<p>Fabiola Osorio Ocelotl<\/p>\n\n\n\n<p>Fausto Carlos Hernandez Perez<\/p>\n\n\n\n<p>Fedro Antonio Fernandez Ramirez<\/p>\n\n\n\n<p>Felipe Cuautle Zahuantitla<\/p>\n\n\n\n<p>Felipe de Jes\u00fas Coca Roura<\/p>\n\n\n\n<p>Felipe Ortiz<\/p>\n\n\n\n<p>Fernando Cadena Hern\u00e1ndez<\/p>\n\n\n\n<p>Fernando Minero Biciego<\/p>\n\n\n\n<p>Fernando Miranda Flores<\/p>\n\n\n\n<p>Fernando Solorzano Martin del Campo<\/p>\n\n\n\n<p>Fernando Valadez<\/p>\n\n\n\n<p>Fernando Zarate<\/p>\n\n\n\n<p>Ferrer Consultor\u00eda Ambiental<\/p>\n\n\n\n<p>Fidel Correa Aguilar<\/p>\n\n\n\n<p>Fidelina Velasco Calixto<\/p>\n\n\n\n<p>Flor Liliana Chavira Reyes , Sembradoras, mujeres momoxcas,<\/p>\n\n\n\n<p>Flor Mari\u00e1n Galeana Ju\u00e1rez<\/p>\n\n\n\n<p>Flor Trasvi\u00f1a<\/p>\n\n\n\n<p>Florencia Beatriz Romero Ortiz<\/p>\n\n\n\n<p>Florentina Mart\u00edn Ramos<\/p>\n\n\n\n<p>Fortunato Cuautle<\/p>\n\n\n\n<p>Francisca Hern\u00e1ndez<\/p>\n\n\n\n<p>Francisca Urias<\/p>\n\n\n\n<p>Francisco Javier Herrera y P\u00e9rez<\/p>\n\n\n\n<p>Francisco M. V\u00e9lez Pliego<\/p>\n\n\n\n<p>Francisco Tejeda Cova<\/p>\n\n\n\n<p>Fred Dunwoodie Stirton<\/p>\n\n\n\n<p>Frida Soto Sandoval<\/p>\n\n\n\n<p>Gabina cuautle<\/p>\n\n\n\n<p>Gabriel<\/p>\n\n\n\n<p>GABRIEL MENDOZA Z\u00c1RATE<\/p>\n\n\n\n<p>Gabriel P\u00e1ramo<\/p>\n\n\n\n<p>Gabriel Santiago<\/p>\n\n\n\n<p>Gabriela Aguilar<\/p>\n\n\n\n<p>Gabriela \u00c1lvarez M\u00e9ndez<\/p>\n\n\n\n<p>Gabriela Bayona Trejo<\/p>\n\n\n\n<p>Gabriela Cabrera<\/p>\n\n\n\n<p>Gabriela Cort\u00e9s<\/p>\n\n\n\n<p>Gabriela Cuevas<\/p>\n\n\n\n<p>Gabriela Galindo Cirne<\/p>\n\n\n\n<p>Gabriela Gallegos Romero<\/p>\n\n\n\n<p>Gabriela Hori<\/p>\n\n\n\n<p>Gabriela Rosales Calder\u00f3n<\/p>\n\n\n\n<p>Gabriela Rugerio Gonz\u00e1lez<\/p>\n\n\n\n<p>Gabriela Salazar<\/p>\n\n\n\n<p>Gabriela Torres Estrada<\/p>\n\n\n\n<p>Gabriela Urieta<\/p>\n\n\n\n<p>Gael Llamo<\/p>\n\n\n\n<p>Gamaliel P\u00e9rez<\/p>\n\n\n\n<p>Gemma Pancoatl Tom\u00e9<\/p>\n\n\n\n<p>Genaro caba\u00f1as santana, ( personas defensoras de la tierra y el agua)<\/p>\n\n\n\n<p>Genaro Garcia Guzman<\/p>\n\n\n\n<p>Gerardi Arce Sanchez<\/p>\n\n\n\n<p>Gerardo bravo<\/p>\n\n\n\n<p>Gerardo P\u00e9rez Mu\u00f1oz<\/p>\n\n\n\n<p>Gerardo P\u00e9rez Mu\u00f1oz<\/p>\n\n\n\n<p>Germ\u00e1n Hern\u00e1ndez<\/p>\n\n\n\n<p>Germ\u00e1n Ortiz Palomeque<\/p>\n\n\n\n<p>Germ\u00e1n S\u00e1nchez Daza. Acad\u00e9mico BUAP<\/p>\n\n\n\n<p>Gisela Rivera Hern\u00e1ndez<\/p>\n\n\n\n<p>Giuliana P\u00e9rez De Vicenzo<\/p>\n\n\n\n<p>Giuseppe Lo Brutto<\/p>\n\n\n\n<p>Gloria Mu\u00f1oz Ramirez<\/p>\n\n\n\n<p>Gonzalo Carrera Graniel<\/p>\n\n\n\n<p>Gonzalo Mungu\u00eda del R\u00edo<\/p>\n\n\n\n<p>Gorka Agirrezabalaga<\/p>\n\n\n\n<p>Gorki Cuauhtemoc Buentello Pastrana<\/p>\n\n\n\n<p>Graciela Garc\u00eda Trejo<\/p>\n\n\n\n<p>Graciela Sanchez<\/p>\n\n\n\n<p>Griselda Salvador Pizarro<\/p>\n\n\n\n<p>Guadalupe Azuara Garc\u00eda<\/p>\n\n\n\n<p>Guadalupe Garcia<\/p>\n\n\n\n<p>Guadalupe Monfil Rodr\u00edguez<\/p>\n\n\n\n<p>Guillermina L\u00f3pez Corral (Colectivo Camell\u00f3n Carmelitas)<\/p>\n\n\n\n<p>Guillermo Berm\u00fadez<\/p>\n\n\n\n<p>Guillermo Castel\u00e1n<\/p>\n\n\n\n<p>Guillermo Yrizar<\/p>\n\n\n\n<p>Gustavo Reyes<\/p>\n\n\n\n<p>H\u00e9ctor Cruz<\/p>\n\n\n\n<p>Hector Emiliano Pati\u00f1o Herver<\/p>\n\n\n\n<p>H\u00e9ctor Gonz\u00e1lez Orea<\/p>\n\n\n\n<p>Hernando Castro Alonso<\/p>\n\n\n\n<p>Hilario Alonzo Flores<\/p>\n\n\n\n<p>Hilda D\u00edaz S\u00e1yago<\/p>\n\n\n\n<p>Hilda Imas<\/p>\n\n\n\n<p>Hugo Flores Ben\u00edtez<\/p>\n\n\n\n<p>Hugo Juarez<\/p>\n\n\n\n<p>Ignacio G\u00f3mez Morin<\/p>\n\n\n\n<p>Iliana C\u00f3rdoba Busto<\/p>\n\n\n\n<p>Iliana De Jes\u00fas Lozano<\/p>\n\n\n\n<p>Indra Arroyo<\/p>\n\n\n\n<p>Inti Barrios<\/p>\n\n\n\n<p>Irene Hern\u00e1ndez Modesto<\/p>\n\n\n\n<p>Irene Mora Francisco<\/p>\n\n\n\n<p>Irma Estela Aguirre<\/p>\n\n\n\n<p>Isaac Plaza Quintana<\/p>\n\n\n\n<p>Isabel Ceballos Rinc\u00f3n<\/p>\n\n\n\n<p>Isabel Galicia Barrera<\/p>\n\n\n\n<p>Isabel Lavalle Altamirano<\/p>\n\n\n\n<p>Isabel Mart\u00ednez Garc\u00eda<\/p>\n\n\n\n<p>Isabel Morales<\/p>\n\n\n\n<p>Isabel Solis<\/p>\n\n\n\n<p>Isabel V\u00e1zquez M\u00e9ndez<\/p>\n\n\n\n<p>Isabel Z\u00e1rate Hern\u00e1ndez<\/p>\n\n\n\n<p>Isael Rosales<\/p>\n\n\n\n<p>Isamar Eslava<\/p>\n\n\n\n<p>Isidro Cuautle Ramirez<\/p>\n\n\n\n<p>Isis Damayanti Ram\u00edrez Sandoval<\/p>\n\n\n\n<p>Israel nieves<\/p>\n\n\n\n<p>Israel Trejo Mu\u00f1iz<\/p>\n\n\n\n<p>Itzamna Hern\u00e1ndez<\/p>\n\n\n\n<p>Itzel Analco Mu\u00f1oz<\/p>\n\n\n\n<p>Itzel Samara Escobar rodriguez<\/p>\n\n\n\n<p>Itzel Toxtle Antonio<\/p>\n\n\n\n<p>Ivan Cadena<\/p>\n\n\n\n<p>Iv\u00e1n Cholula<\/p>\n\n\n\n<p>Iv\u00e1n Enrique S\u00e1nchez Manrique<\/p>\n\n\n\n<p>Ivan Reyes Cano<\/p>\n\n\n\n<p>Ivanna Torroella Perez<\/p>\n\n\n\n<p>Ivette Lacaba<\/p>\n\n\n\n<p>Ivette Lacaba<\/p>\n\n\n\n<p>Ivette Leyva Castro<\/p>\n\n\n\n<p>Ivonne D\u00edaz T\u00e9llez<\/p>\n\n\n\n<p>Jacinta Francisco Marcial<\/p>\n\n\n\n<p>Jacqueline Mena P\u00e9rez<\/p>\n\n\n\n<p>Jaime Velasco<\/p>\n\n\n\n<p>Jair Ladron de Guevara Cortes<\/p>\n\n\n\n<p>James Junior Herivaux Rivas<\/p>\n\n\n\n<p>Janet<\/p>\n\n\n\n<p>Janeth Gamboa<\/p>\n\n\n\n<p>Javier Matesanz<\/p>\n\n\n\n<p>Javier Mauleon<\/p>\n\n\n\n<p>JAVIER SALGADO RODR\u00cdGUEZ<\/p>\n\n\n\n<p>Jazer Abraham Rueda Hernandez<\/p>\n\n\n\n<p>Jennifer Hern\u00e1ndez L\u00f3pez<\/p>\n\n\n\n<p>Jer\u00f3nimo Aguirre Camargo<\/p>\n\n\n\n<p>Jer\u00f3nimo Lopez Toxqui<\/p>\n\n\n\n<p>Jesica Gonz\u00e1lez Cort\u00e9s<\/p>\n\n\n\n<p>Jessica Alonso Flores<\/p>\n\n\n\n<p>J\u00e9ssica Coyotecatl<\/p>\n\n\n\n<p>Jessica Dolores Cielo Espinoza<\/p>\n\n\n\n<p>Jessica Trejo<\/p>\n\n\n\n<p>Jessica yolanda rivera zamora<\/p>\n\n\n\n<p>Jesus Andr\u00e9s Valenzuela Alvarado<\/p>\n\n\n\n<p>Jes\u00fas Batta Fonseca<\/p>\n\n\n\n<p>Jesus Fernandez<\/p>\n\n\n\n<p>Jes\u00fas galaviz palestina<\/p>\n\n\n\n<p>Jes\u00fas Gumaro<\/p>\n\n\n\n<p>Jesus Michael Barrales Serrano<\/p>\n\n\n\n<p>JM Santana<\/p>\n\n\n\n<p>Jorge Alberto Dur\u00e1n Ram\u00edrez<\/p>\n\n\n\n<p>Jorge \u00c1ngel Sosa M\u00e1rquez<\/p>\n\n\n\n<p>Jorge Arzave Orihuela<\/p>\n\n\n\n<p>Jorge Augusto Ch\u00e1vez Vera<\/p>\n\n\n\n<p>Jorge Eduardo Morales Sierra<\/p>\n\n\n\n<p>Jorge Enrique Zavala Aguilar<\/p>\n\n\n\n<p>Jorge Garc\u00eda del R\u00edo<\/p>\n\n\n\n<p>Jorge R\u00edos<\/p>\n\n\n\n<p>JOSE ALEJANDRO GARCIA LIMON<\/p>\n\n\n\n<p>Jos\u00e9 Andr\u00e9s Orozco Farrera<\/p>\n\n\n\n<p>Jos\u00e9 Antonio Olvera Colectividad Nuestra Alegre Rebeld\u00eda de la Red Morelense en Apoyo al Congreso Nacional Ind\u00edgena\/Consejo Ind\u00edgena de Gobierno<\/p>\n\n\n\n<p>Jos\u00e9 Carlos Marcos Analco<\/p>\n\n\n\n<p>Jos\u00e9 Contreras Vizcaino<\/p>\n\n\n\n<p>Jos\u00e9 Eduardo Rivera Estrada<\/p>\n\n\n\n<p>Jose Enrique Gonz\u00e1lez Ruiz<\/p>\n\n\n\n<p>Jose esteban baeza ramirez<\/p>\n\n\n\n<p>Jos\u00e9 Guadalupe V\u00e1zquez Luna<\/p>\n\n\n\n<p>Jos\u00e9 Luis Alc\u00e1ntara Flores<\/p>\n\n\n\n<p>Jos\u00e9 Luis cervantes monter<\/p>\n\n\n\n<p>Jos\u00e9 Luis Olalde Escobar<\/p>\n\n\n\n<p>Jose Luis tepale huitzil<\/p>\n\n\n\n<p>Jos\u00e9 Manuel Arias Rodriguez<\/p>\n\n\n\n<p>Jos\u00e9 Manuel Medel S\u00e1nchez<\/p>\n\n\n\n<p>Jos\u00e9 Mar\u00eda Aca Coconi<\/p>\n\n\n\n<p>Jos\u00e9 Patricio Coyotl Cuatetl<\/p>\n\n\n\n<p>Jos\u00e9 Vicente Victoria Cruz<\/p>\n\n\n\n<p>Josefa G\u00f3mez Morin Calero<\/p>\n\n\n\n<p>Josefina Trejo Garrido<\/p>\n\n\n\n<p>Josele Cuevas Sanchez<\/p>\n\n\n\n<p>Joseth Alejandro Gutierrez Lopez<\/p>\n\n\n\n<p>Joshua Wilson<\/p>\n\n\n\n<p>Joshue Hern\u00e1ndez Maldonado<\/p>\n\n\n\n<p>Jovita Toxqui Guti\u00e9rrez<\/p>\n\n\n\n<p>JROSTAMARIZ<\/p>\n\n\n\n<p>Juan Antonio Medina Austria por el Frente del Pueblo en Defensa del Agua y la Tierra de Temascalapa<\/p>\n\n\n\n<p>Juan Carlos Amador Becerril<\/p>\n\n\n\n<p>Juan Carlos Cuautle<\/p>\n\n\n\n<p>Juan Carlos Dom\u00ednguez Paredes<\/p>\n\n\n\n<p>Juan Francisco Estrada Garc\u00eda<\/p>\n\n\n\n<p>Juan Jorge Ayala<\/p>\n\n\n\n<p>Juan Jos\u00e9 Hern\u00e1ndez<\/p>\n\n\n\n<p>Juan Pablo G. Eliosa<\/p>\n\n\n\n<p>Juan Pablo Jard\u00f3n Gonz\u00e1lez<\/p>\n\n\n\n<p>Juan Quistiano<\/p>\n\n\n\n<p>Juan Tecotl<\/p>\n\n\n\n<p>Juana Alicia Ordaz Maxil<\/p>\n\n\n\n<p>Judith<\/p>\n\n\n\n<p>Judith Garc\u00eda<\/p>\n\n\n\n<p>Judith Liliana Cruz Cruz<\/p>\n\n\n\n<p>Juli\u00e1n Mu\u00f1oz Solis<\/p>\n\n\n\n<p>JULIETA PINEDA<\/p>\n\n\n\n<p>Juliette Pasquier<\/p>\n\n\n\n<p>Julio C\u00e9sar S\u00e1nchez<\/p>\n\n\n\n<p>July Garc\u00eda.<\/p>\n\n\n\n<p>Juventina Nicol\u00e1s Flores<\/p>\n\n\n\n<p>Karen Alondra Ocampo Mendoza<\/p>\n\n\n\n<p>Karina de la Trinidad<\/p>\n\n\n\n<p>Karina Manzur Cruz<\/p>\n\n\n\n<p>Karina ocotoxtle<\/p>\n\n\n\n<p>Karina Pani Rodr\u00edguez<\/p>\n\n\n\n<p>Karina Reyero Rosales<\/p>\n\n\n\n<p>Karla Helena Guzm\u00e1n Vel\u00e1zquez, GeoBrujas \/ Mujeres y la Sexta<\/p>\n\n\n\n<p>Karla Susana God\u00ednez Navarro<\/p>\n\n\n\n<p>Karol Lisbet Padr\u00f3n Medina<\/p>\n\n\n\n<p>Kau Sirenio<\/p>\n\n\n\n<p>Kenghiro Ledezma Arevalo<\/p>\n\n\n\n<p>Kevin N\u00fa\u00f1ez Olarte<\/p>\n\n\n\n<p>Kinari Medero Ram\u00edrez<\/p>\n\n\n\n<p>Krishna Lara Vicente<\/p>\n\n\n\n<p>Laura Aguilar<\/p>\n\n\n\n<p>Laura Alejandra flores hern\u00e1ndez<\/p>\n\n\n\n<p>Laura AlejandraMerino Caballero<\/p>\n\n\n\n<p>Laura Corona<\/p>\n\n\n\n<p>Laura Edelmira C\u00e1rdenas Barahona<\/p>\n\n\n\n<p>Laura Gonzalez Salazar<\/p>\n\n\n\n<p>Laura M\u00e9ndez Rivas<\/p>\n\n\n\n<p>Laura Romero<\/p>\n\n\n\n<p>Laura S\u00e1nchez<\/p>\n\n\n\n<p>Laura Yolanda Barajas L\u00f3pez<\/p>\n\n\n\n<p>Lauro Moyotl Quechol<\/p>\n\n\n\n<p>ledesmax98<\/p>\n\n\n\n<p>Le\u00f3n Fierro de Mexicali Resiste<\/p>\n\n\n\n<p>Le\u00f3n Mayorga<\/p>\n\n\n\n<p>Leonardo Duran Olguin<\/p>\n\n\n\n<p>Leonel L\u00f3pez<\/p>\n\n\n\n<p>Leopoldo Antonio V\u00e1zquez Cabal<\/p>\n\n\n\n<p>Leopoldo S\u00e1nchez<\/p>\n\n\n\n<p>Lesly Lizbeth Jim\u00e9nez Flores<\/p>\n\n\n\n<p>Leyla Andrea Carrasco Cazarin<\/p>\n\n\n\n<p>Lidia Hern\u00e1ndez Cruz<\/p>\n\n\n\n<p>Liliana Morales Carrasco<\/p>\n\n\n\n<p>Liliana Ram\u00edrez Mata<\/p>\n\n\n\n<p>Lina Odena G\u00fcemes<\/p>\n\n\n\n<p>Lisbet Medina<\/p>\n\n\n\n<p>Liudmila Sandoval&nbsp; de la asociaci\u00f3n CiRNAC<\/p>\n\n\n\n<p>Livi gallegos<\/p>\n\n\n\n<p>Liz S\u00e1nchez R.<\/p>\n\n\n\n<p>Lizbeth Mireles<\/p>\n\n\n\n<p>Lizeth Clavellina Angeles<\/p>\n\n\n\n<p>Lizzeth Tecuatl Cuaxiloa<\/p>\n\n\n\n<p>Lorena Alejandra S\u00e1nchez Larra\u00f1aga<\/p>\n\n\n\n<p>Lorena Bautista Blanca<\/p>\n\n\n\n<p>Lorena Valencia Mart\u00ednez<\/p>\n\n\n\n<p>Lourdes Baron<\/p>\n\n\n\n<p>Lourdes Carrillo<\/p>\n\n\n\n<p>Lourdes Nu\u00f1ez<\/p>\n\n\n\n<p>Lourdes Quechol<\/p>\n\n\n\n<p>Lourdes Ram\u00edrez Castillo<\/p>\n\n\n\n<p>Luca Ferrari<\/p>\n\n\n\n<p>Lucero Guadalupe de la Cruz Morales<\/p>\n\n\n\n<p>Luc\u00eda Garc\u00eda Espinosa de los Monteros<\/p>\n\n\n\n<p>Lucia Linsalata<\/p>\n\n\n\n<p>Luc\u00eda Melgar<\/p>\n\n\n\n<p>Luc\u00eda Zavala Navarro<\/p>\n\n\n\n<p>Luis Antonio Cuevas S\u00e1nchez<\/p>\n\n\n\n<p>Luis Carlos Shaar V<\/p>\n\n\n\n<p>Luis Rodolfo Olivares Franco<\/p>\n\n\n\n<p>Luisa Analco<\/p>\n\n\n\n<p>Luisa gomez morin<\/p>\n\n\n\n<p>Luisa Riley<\/p>\n\n\n\n<p>Lupe Gallo<\/p>\n\n\n\n<p>Lupita<\/p>\n\n\n\n<p>Lupita<\/p>\n\n\n\n<p>Luz Aurora Sol\u00eds S\u00e1nchez<\/p>\n\n\n\n<p>Luz Coral Hern\u00e1ndez<\/p>\n\n\n\n<p>Luz Mar\u00eda Beltr\u00e1n C\u00e9sar<\/p>\n\n\n\n<p>Luz Maria Martell Ruiz<\/p>\n\n\n\n<p>Ma del Carmen Castillo<\/p>\n\n\n\n<p>Ma. Eugenia S\u00e1nchez D\u00edaz de Rivera<\/p>\n\n\n\n<p>Ma. Teresa Huidobro<\/p>\n\n\n\n<p>Magda Yazm\u00edn Cano Hern\u00e1ndez<\/p>\n\n\n\n<p>Magdalena Hern\u00e1ndez<\/p>\n\n\n\n<p>Magdalena Patricia<\/p>\n\n\n\n<p>Magdalena P\u00e9rez L\u00f3pez<\/p>\n\n\n\n<p>Magdalenas Diveras, Teatro de las Oprimidas<\/p>\n\n\n\n<p>Malinali Hern\u00e1ndez<\/p>\n\n\n\n<p>Manuel Antonio Silva de la Rosa<\/p>\n\n\n\n<p>Manuel Ben\u00edtez Monroy<\/p>\n\n\n\n<p>Manuel Enrique Maule\u00f3n Y\u00e1\u00f1ez<\/p>\n\n\n\n<p>Manuel P\u00e9rez G\u00f3mez<\/p>\n\n\n\n<p>Manuel Rozental<\/p>\n\n\n\n<p>Manuel Varela Rivera<\/p>\n\n\n\n<p>Marcela G.R.<\/p>\n\n\n\n<p>Marcela Ibarra Mateos<\/p>\n\n\n\n<p>Marcela Orozco<\/p>\n\n\n\n<p>Marco Antonio Mercado Velez<\/p>\n\n\n\n<p>Marco Antonio Peralta Ochoa<\/p>\n\n\n\n<p>Marco Antonio Solis Martinez<\/p>\n\n\n\n<p>Marco benitez<\/p>\n\n\n\n<p>Marcos \u2018Ik\u2019<\/p>\n\n\n\n<p>Maren Flores Sandre<\/p>\n\n\n\n<p>Margara millan<\/p>\n\n\n\n<p>Margarita Hern\u00e1ndez Toxtli<\/p>\n\n\n\n<p>Margarita Moreno Sanchez<\/p>\n\n\n\n<p>Margarita P\u00e9rez Velez<\/p>\n\n\n\n<p>Mari Carrasco<\/p>\n\n\n\n<p>Mar\u00eda \u00c1ngeles Villanueva<\/p>\n\n\n\n<p>Mar\u00eda Bret\u00f3n<\/p>\n\n\n\n<p>Mar\u00eda Castro Islas<\/p>\n\n\n\n<p>Mar\u00eda Cristina Safa<\/p>\n\n\n\n<p>Mar\u00eda D. Encarnaci\u00f3n (Sector Social con Claudia)<\/p>\n\n\n\n<p>Mar\u00eda de los \u00c1ngeles Mu\u00f1oz Gonz\u00e1lez<\/p>\n\n\n\n<p>Maria de Lourdes Rodr\u00edguez Fuentes<\/p>\n\n\n\n<p>Mar\u00eda de Lourdes Torres Villegas<\/p>\n\n\n\n<p>Maria del Carmen S\u00e1nchez Mendoza<\/p>\n\n\n\n<p>Mar\u00eda del Coral Morales Espinosa<\/p>\n\n\n\n<p>Maria del Rosario Ocotoxtle Cuautle<\/p>\n\n\n\n<p>Maria del Rosario S\u00e1nchez Romero<\/p>\n\n\n\n<p>Mar\u00eda del Rosario Trinidad Paez<\/p>\n\n\n\n<p>Mar\u00eda Elena L\u00f3pez Gallardo, misionera<\/p>\n\n\n\n<p>Maria Elena Vazquez Juarez<\/p>\n\n\n\n<p>Mar\u00eda Elo\u00edsa Aguilar<\/p>\n\n\n\n<p>Mar\u00eda Enriqueta S\u00e1nchez del Villar Flores<\/p>\n\n\n\n<p>Maria Eugenia Mendoza Alvarez<\/p>\n\n\n\n<p>Mar\u00eda Eugenia Toxcoyoa Cuaya<\/p>\n\n\n\n<p>Maria eulalia Sanchez Romero<\/p>\n\n\n\n<p>Mar\u00eda Eustacia Coyotl<\/p>\n\n\n\n<p>Mar\u00eda Evelinda Santiago Jim\u00e9nez<\/p>\n\n\n\n<p>Mar\u00eda Fernanda de Vasconcelos<\/p>\n\n\n\n<p>Mar\u00eda Fernanda G\u00f3mez Seoane<\/p>\n\n\n\n<p>Mar\u00eda Fernanda Muriel L\u00f3pez<\/p>\n\n\n\n<p>Mar\u00eda Fernanda Schut Natar\u00e9n<\/p>\n\n\n\n<p>Mar\u00eda Fernanda Torres Palomares<\/p>\n\n\n\n<p>Maria Fernanda Torres Timal<\/p>\n\n\n\n<p>Mar\u00eda Gabriela Garrett rios<\/p>\n\n\n\n<p>Mar\u00eda Guadalupe de Anda P\u00e9rez<\/p>\n\n\n\n<p>Mar\u00eda Jacobo Fematt<\/p>\n\n\n\n<p>Mar\u00eda Jacobo Fematt<\/p>\n\n\n\n<p>Mar\u00eda Jos\u00e9 S\u00e1nchez Garc\u00eda<\/p>\n\n\n\n<p>Mar\u00eda Leticia Ortega M\u00fagica<\/p>\n\n\n\n<p>Maria Luisa N\u00fa\u00f1ez Barojas<\/p>\n\n\n\n<p>Mar\u00eda Luisa Vargas Torres<\/p>\n\n\n\n<p>Mar\u00eda Ocampo<\/p>\n\n\n\n<p>Mar\u00eda Patricia Ortega M\u00fagica<\/p>\n\n\n\n<p>Mar\u00eda Reyna Castro Garita<\/p>\n\n\n\n<p>Mar\u00eda Rocha<\/p>\n\n\n\n<p>Mar\u00eda Sol\u00eds<\/p>\n\n\n\n<p>Mar\u00eda Teresa Vald\u00e9s D\u00e1vila<\/p>\n\n\n\n<p>Mariaan Hern\u00e1ndez Lemus<\/p>\n\n\n\n<p>Mariana<\/p>\n\n\n\n<p>Mariana Casta\u00f1eda Hern\u00e1ndez<\/p>\n\n\n\n<p>Mariana Reznik Solorzano<\/p>\n\n\n\n<p>Mariano Zanetti<\/p>\n\n\n\n<p>Maribel Nicasio Gonz\u00e1lez<\/p>\n\n\n\n<p>Marina Sil Acosta<\/p>\n\n\n\n<p>Mario David Flores<\/p>\n\n\n\n<p>Mario Humberto Lozano Loaiza<\/p>\n\n\n\n<p>Mario Le\u00f3n Cuevas<\/p>\n\n\n\n<p>Mario Zamorano Zavala<\/p>\n\n\n\n<p>Marisol Gonz\u00e1lez C\u00e9sar<\/p>\n\n\n\n<p>Marisol machorro velasco<\/p>\n\n\n\n<p>Marlene Mar Santamar\u00eda<\/p>\n\n\n\n<p>Marlin Duran<\/p>\n\n\n\n<p>Martha Coatl, cooperativo teozentli<\/p>\n\n\n\n<p>Martha Elena Garc\u00eda V\u00e1zquez<\/p>\n\n\n\n<p>MARTHA EVA GARC\u00cdA HERN\u00c1NDEZ<\/p>\n\n\n\n<p>Martha Maria Ruiz Ballesteros<\/p>\n\n\n\n<p>Martha Mercado Gonz\u00e1lez<\/p>\n\n\n\n<p>Martha Palomino<\/p>\n\n\n\n<p>Marytere Salvador<\/p>\n\n\n\n<p>Matilde Belem Huerta Lastra<\/p>\n\n\n\n<p>Mauricio Chiunti<\/p>\n\n\n\n<p>Mauricio Gonz\u00e1lez Gonz\u00e1lez \/ CESDER<\/p>\n\n\n\n<p>Max Emiliano Negrete Gonz\u00e1lez<\/p>\n\n\n\n<p>Mayela S\u00e1nchez<\/p>\n\n\n\n<p>Mayleth Echegollen Guzm\u00e1n<\/p>\n\n\n\n<p>Mayra Espinosa Cruz<\/p>\n\n\n\n<p>Mayra Nohem\u00ed Zeferino Garc\u00eda<\/p>\n\n\n\n<p>Mayra Terrones Medina<\/p>\n\n\n\n<p>Mayra Villa<\/p>\n\n\n\n<p>Melina Cuautle<\/p>\n\n\n\n<p>Melina G\u00f3mez Bock<\/p>\n\n\n\n<p>Melissa Reyes Carca\u00f1o<\/p>\n\n\n\n<p>Meliza Vianney Aldave Ocelotl<\/p>\n\n\n\n<p>Melva V\u00e1zquez,&nbsp; REDMyCZ.<\/p>\n\n\n\n<p>Mercedes<\/p>\n\n\n\n<p>Mercedes Trujillo<\/p>\n\n\n\n<p>Meza Jim\u00e9nez Jos\u00e9 Manuel<\/p>\n\n\n\n<p>Michael Torres<\/p>\n\n\n\n<p>Michelle Escobar Cruz<\/p>\n\n\n\n<p>Miguel Angel Flores Peralta<\/p>\n\n\n\n<p>Miguel \u00c1ngel Lecona<\/p>\n\n\n\n<p>Miguel \u00c1ngel Ocampo Hern\u00e1ndez<\/p>\n\n\n\n<p>Miguel Omar Zarate Velasco<\/p>\n\n\n\n<p>Miguel Vald\u00e9s Villarreal M<\/p>\n\n\n\n<p>Millaray Trujillo Salgado<\/p>\n\n\n\n<p>Mina Lorena Navarro<\/p>\n\n\n\n<p>Minerva Quintanilla<\/p>\n\n\n\n<p>Miren Ibarra<\/p>\n\n\n\n<p>Miriam Hern\u00e1ndez<\/p>\n\n\n\n<p>Mirsha Am\u00e9rica Rosas Torres<\/p>\n\n\n\n<p>Mitzi I. Matamoros Camacho<\/p>\n\n\n\n<p>Mnauel Manzano Delgado<\/p>\n\n\n\n<p>M\u00f3nica D\u00edaz Garc\u00eda<\/p>\n\n\n\n<p>M\u00f3nica Mar\u00eda Jos\u00e9 De Hilario Ru\u00edz<\/p>\n\n\n\n<p>M\u00f3nica Ordiales<\/p>\n\n\n\n<p>M\u00f3nica Rivera Tabares<\/p>\n\n\n\n<p>Monse Hevia<\/p>\n\n\n\n<p>Montserrat Linares V\u00e1squez<\/p>\n\n\n\n<p>Montserrat Vazquez<\/p>\n\n\n\n<p>Nadia fb<\/p>\n\n\n\n<p>Nadia G\u00f3mez tecuapetla<\/p>\n\n\n\n<p>Nahomy Cante<\/p>\n\n\n\n<p>Naiam Atletl Manrique Rodriguez<\/p>\n\n\n\n<p>Nancy Karina Vargas Cort\u00e9s<\/p>\n\n\n\n<p>NANI ALDAMA<\/p>\n\n\n\n<p>Naomi Pe\u00f1a<\/p>\n\n\n\n<p>Naomi V\u00e1zquez Xicot\u00e9ncatl<\/p>\n\n\n\n<p>Nashely Morales<\/p>\n\n\n\n<p>Natalia Gonzalez<\/p>\n\n\n\n<p>Natalia Larra\u00f1aga Vargas<\/p>\n\n\n\n<p>Natalia P\u00e9rez<\/p>\n\n\n\n<p>Natalia Ram\u00edrez Ram\u00edrez<\/p>\n\n\n\n<p>Naxielly Edith Ibarra Zu\u00f1iga<\/p>\n\n\n\n<p>Nayeli C\u00e1liz Aca<\/p>\n\n\n\n<p>Neftaly P\u00e9rez Rodr\u00edguez<\/p>\n\n\n\n<p>Nely Mauricio Castro<\/p>\n\n\n\n<p>Neptal\u00ed Monterroso Salvatierra<\/p>\n\n\n\n<p>Neptal\u00ed Ram\u00edrez Reyes<\/p>\n\n\n\n<p>Nereyda<\/p>\n\n\n\n<p>Nery Chaves Garcia<\/p>\n\n\n\n<p>Nicacia Herrera Aguilar<\/p>\n\n\n\n<p>Nivia Walls<\/p>\n\n\n\n<p>No la incluye<\/p>\n\n\n\n<p>No\u00e9 Alejandro Ram\u00edrez<\/p>\n\n\n\n<p>Norma Barranco<\/p>\n\n\n\n<p>Norma Don Juan Perez<\/p>\n\n\n\n<p>Norma Ramo Escobar<\/p>\n\n\n\n<p>Nubia<\/p>\n\n\n\n<p>Ofelia Pastrana Moreno<\/p>\n\n\n\n<p>Olar Zapata \u2013 UAM Azcapotzalco<\/p>\n\n\n\n<p>Omar Huesca Reyes<\/p>\n\n\n\n<p>Oralia Ram\u00edrez S\u00e1nchez<\/p>\n\n\n\n<p>OSCAR DANIEL GUILL\u00c9N L\u00d3PEZ<\/p>\n\n\n\n<p>Oscar Humberto Rosas Tapia<\/p>\n\n\n\n<p>Oscar Loeza Perez<\/p>\n\n\n\n<p>Oscar Velez Ruiz Gaitan<\/p>\n\n\n\n<p>Oswaldo Tom\u00e9 Tlachi CHUR cholultecas unidos en resistencia<\/p>\n\n\n\n<p>Pablo olan<\/p>\n\n\n\n<p>Pamela N\u00fa\u00f1ez L\u00f3pez<\/p>\n\n\n\n<p>Paola<\/p>\n\n\n\n<p>Paola Moyado S\u00e1nchez<\/p>\n\n\n\n<p>Paola Rasc\u00f3n<\/p>\n\n\n\n<p>Paola Ter\u00e1n<\/p>\n\n\n\n<p>Paola Torres Nahuatlato<\/p>\n\n\n\n<p>Pascual Diego Peralta<\/p>\n\n\n\n<p>Patricia \u00c1lvarez Garc\u00eda<\/p>\n\n\n\n<p>Patricia Guti\u00e9rrez Otero<\/p>\n\n\n\n<p>Patricia Zavala Guti\u00e9rrez<\/p>\n\n\n\n<p>Paul Hersch Mart\u00ednez<\/p>\n\n\n\n<p>Paulina Casta\u00f1eda<\/p>\n\n\n\n<p>Paulina Salinas Berra<\/p>\n\n\n\n<p>Paulina Tlacuatl Daniel<\/p>\n\n\n\n<p>P\u00e1vel Alejandro Mayorga Vaca<\/p>\n\n\n\n<p>Pedro<\/p>\n\n\n\n<p>Pedro Faro<\/p>\n\n\n\n<p>Pedro Iv\u00e1n G\u00f3mez Ju\u00e1rez<\/p>\n\n\n\n<p>Pedro Mendoza Moreno<\/p>\n\n\n\n<p>Pedro Zamora Brise\u00f1o. Ciudadano.<\/p>\n\n\n\n<p>Pilar Mu\u00f1oz Lozano<\/p>\n\n\n\n<p>Pilar Ruiz<\/p>\n\n\n\n<p>Pilar Salazar Barrales<\/p>\n\n\n\n<p>Profra. Guadalupe Castillo Feliciano<\/p>\n\n\n\n<p>Quetzalli R\u00edos<\/p>\n\n\n\n<ol class=\"wp-block-list\">\n<li>Citlalli Bravo Reyes<\/li>\n<\/ol>\n\n\n\n<p>Rafael<\/p>\n\n\n\n<p>Rajiv maher<\/p>\n\n\n\n<p>Ram\u00f3n Vera-Herrera (ojarasca\/red en defensa del ma\u00edz)<\/p>\n\n\n\n<p>Ra\u00fal Cruz Fiscal<\/p>\n\n\n\n<p>Rebeca Mu\u00f1oz<\/p>\n\n\n\n<p>Regina Mendoza<\/p>\n\n\n\n<p>Regina Rodriguez<\/p>\n\n\n\n<p>Remigio V\u00e1zquez Escobedo<\/p>\n\n\n\n<p>Renata Carvajal Bret\u00f3n<\/p>\n\n\n\n<p>Ren\u00e9e Valle<\/p>\n\n\n\n<p>Respetar la voluntad del pueblo<\/p>\n\n\n\n<p>Reyes Paola Sofia<\/p>\n\n\n\n<p>Ricardo Andr\u00e9s Flores Garc\u00eda<\/p>\n\n\n\n<p>Ricardo Bola\u00f1os Soto<\/p>\n\n\n\n<p>Ricardo Dominguez Paredes<\/p>\n\n\n\n<p>Ricardo Hern\u00e1ndez<\/p>\n\n\n\n<p>Ricardo P\u00e9rez Avil\u00e9s<\/p>\n\n\n\n<p>Ricardo Severino Amezcua<\/p>\n\n\n\n<p>Richard Becker<\/p>\n\n\n\n<p>Rita&nbsp; amador l\u00f3pez<\/p>\n\n\n\n<p>Roberto Bagatella<\/p>\n\n\n\n<p>Roberto Castellanos Novelo<\/p>\n\n\n\n<p>ROBERTO DIAZ CORDERO<\/p>\n\n\n\n<p>Roberto Formacio Ram\u00edrez<\/p>\n\n\n\n<p>Roberto Gonz\u00e1lez Rodr\u00edguez \u2013 profesor universitario<\/p>\n\n\n\n<p>Roberto Rosete<\/p>\n\n\n\n<p>rocio Lorena Hern\u00e1ndez Cabrera<\/p>\n\n\n\n<p>Roc\u00edo Olivera<\/p>\n\n\n\n<p>Rodolfo Arteaga<\/p>\n\n\n\n<p>Rodrigo L\u00f3pez<\/p>\n\n\n\n<p>Rodrigo P\u00e9rez Vega<\/p>\n\n\n\n<p>Rodrigo Soberanes<\/p>\n\n\n\n<p>Rodrigo Uribe Cevallos<\/p>\n\n\n\n<p>Rogelio Garc\u00eda Conde<\/p>\n\n\n\n<p>Rogelio Ozuna<\/p>\n\n\n\n<p>Romina Mart\u00ednez Velarde<\/p>\n\n\n\n<p>Ronaldo Pe\u00f1a Hern\u00e1ndez<\/p>\n\n\n\n<p>Rosa Esther Rosano Rodr\u00edguez<\/p>\n\n\n\n<p>Rosa Ma luisa Carrillo Barocio<\/p>\n\n\n\n<p>Rosa Mar\u00eda Garza Marcu\u00e9<\/p>\n\n\n\n<p>Rosa Mar\u00eda Mora crespo<\/p>\n\n\n\n<p>Rosa Oralba<\/p>\n\n\n\n<p>Rosalba Campos Vel\u00e1zquez<\/p>\n\n\n\n<p>Rosalba Madrid Jacobo<\/p>\n\n\n\n<p>Rosalba Zambrano V., Profesora<\/p>\n\n\n\n<p>Rosario Ariza Vargas<\/p>\n\n\n\n<p>Rosario Arrambide Gonz\u00e1lez<\/p>\n\n\n\n<p>Rosario Oropeza Prieto<\/p>\n\n\n\n<p>Rosario Robles Flores<\/p>\n\n\n\n<p>Rosaura Duarte R.<\/p>\n\n\n\n<p>Roselia Guti\u00e9rrez Luis<\/p>\n\n\n\n<p>Rouss salinas<\/p>\n\n\n\n<p>Roxana Rechy Baez<\/p>\n\n\n\n<p>Rufina Edith Villa Hern\u00e1ndez<\/p>\n\n\n\n<p>Ruth Esmeralda Ortiz D\u00edaz<\/p>\n\n\n\n<p>Rutilio Ram\u00edrez Leyva<\/p>\n\n\n\n<p>Rutilio Ram\u00edrez Leyva<\/p>\n\n\n\n<p>Sahir Ram\u00edrez Gonz\u00e1lez<\/p>\n\n\n\n<p>Salvador Gutierrez Zamora<\/p>\n\n\n\n<p>Samuel Cielo Canales<\/p>\n\n\n\n<p>Samuel Guerrero Edison<\/p>\n\n\n\n<p>Sandra Itzel Posadas Diaz<\/p>\n\n\n\n<p>Sandra Jim\u00e9nez Mu\u00f1oz<\/p>\n\n\n\n<p>Sandra nohemi de la Cruz ruiz<\/p>\n\n\n\n<p>Sandra Ortiz<\/p>\n\n\n\n<p>Sandra Patargo<\/p>\n\n\n\n<p>Sandra P\u00e9rez<\/p>\n\n\n\n<p>Sandra Suaste \u00c1vila<\/p>\n\n\n\n<p>Sandra V\u00e1zquez Cossio<\/p>\n\n\n\n<p>Santiago Cuevas Melayes<\/p>\n\n\n\n<p>Santiago Palomino<\/p>\n\n\n\n<p>Santo chancho<\/p>\n\n\n\n<p>Sara<\/p>\n\n\n\n<p>Sara Hern\u00e1ndez<\/p>\n\n\n\n<p>Sara Morales Galvez<\/p>\n\n\n\n<p>Sarahi Ulloa<\/p>\n\n\n\n<p>Sara\u00ed Pi\u00f1a<\/p>\n\n\n\n<p>Sarai Rivadeneyra Morales<\/p>\n\n\n\n<p>Sayuri Gallardo Kishi<\/p>\n\n\n\n<p>Selene Sarmiento<\/p>\n\n\n\n<p>Sergio Beltr\u00e1n-Garc\u00eda<\/p>\n\n\n\n<p>Sergio Cort\u00e9s S\u00e1nchez<\/p>\n\n\n\n<p>Silvia Alberro<\/p>\n\n\n\n<p>Silvia C<\/p>\n\n\n\n<p>Silvia Dom\u00ednguez M\u00e9ndez<\/p>\n\n\n\n<p>Silvia Resendiz Flores<\/p>\n\n\n\n<p>Silvia Villase\u00f1or<\/p>\n\n\n\n<p>Socorro D\u00edaz coyotl<\/p>\n\n\n\n<p>Socorro Plaza<\/p>\n\n\n\n<p>Sofia Almaz\u00e1n Raya<\/p>\n\n\n\n<p>Sof\u00eda Eli Mor\u00e1n Mena<\/p>\n\n\n\n<p>Sof\u00eda Martin<\/p>\n\n\n\n<p>Sof\u00eda Medell\u00edn<\/p>\n\n\n\n<p>Sof\u00eda Rivera<\/p>\n\n\n\n<p>Sofia Rodriguez Bernardino<\/p>\n\n\n\n<p>Sof\u00eda Uriarte R\u00edos<\/p>\n\n\n\n<p>Sonia Fern\u00e1ndez Hern\u00e1ndez<\/p>\n\n\n\n<p>Sonia Hern\u00e1ndez Aco<\/p>\n\n\n\n<p>Stefani Analco Falc\u00f3n<\/p>\n\n\n\n<p>Susana Cruz<\/p>\n\n\n\n<p>Susana Isabel Vel\u00e1zquez Quesada<\/p>\n\n\n\n<p>Susana Le\u00f3n Xicale<\/p>\n\n\n\n<p>Susana Navarrete<\/p>\n\n\n\n<p>Susana Portilla<\/p>\n\n\n\n<p>Tania Isabel Torres Castillo<\/p>\n\n\n\n<p>Tania Jocelyn L\u00f3pez Hilario, Iniciativa Ecofeminaria, Sembradoras Xochimilpas<\/p>\n\n\n\n<p>Tania Nicol\u00e1s Francisco<\/p>\n\n\n\n<p>Tania Paola Brito Gutierrez<\/p>\n\n\n\n<p>Telma Pureza Acosta Vargas<\/p>\n\n\n\n<p>Teresa Lopez<\/p>\n\n\n\n<p>Teresa Villalobos<\/p>\n\n\n\n<p>Thalya F<\/p>\n\n\n\n<p>Totalmente de acuerdo por los pobladores y el Medio Ambiente<\/p>\n\n\n\n<p>Trinidad Cevallos Rodr\u00edguez<\/p>\n\n\n\n<p>Tula Le\u00f3n J Juan<\/p>\n\n\n\n<p>Tzolkin Montiel Ugalde<\/p>\n\n\n\n<p>Ulises Ceballos Casta\u00f1eda<\/p>\n\n\n\n<p>Ulises Job<\/p>\n\n\n\n<p>Valente Contreras Mart\u00ednez<\/p>\n\n\n\n<p>Valente Contreras Mart\u00ednez<\/p>\n\n\n\n<p>Valente Contreras Mart\u00ednez<\/p>\n\n\n\n<p>Valentina Leduc<\/p>\n\n\n\n<p>Valeria Palma<\/p>\n\n\n\n<p>Valeria Romero<\/p>\n\n\n\n<p>Valeria Saez V\u00e1zquez<\/p>\n\n\n\n<p>Valeria T.<\/p>\n\n\n\n<p>Valeria Valdivia Barr\u00f3n<\/p>\n\n\n\n<p>Vanessa Rivera Fern\u00e1ndez<\/p>\n\n\n\n<p>VANIA DEL CARMEN LOPEZ TOACHE<\/p>\n\n\n\n<p>Vania Lomeli<\/p>\n\n\n\n<p>Velia Gabriela Barr\u00f3n Rosales<\/p>\n\n\n\n<p>Venicio Arvizu Oliv\u00e1n&nbsp; Centro Comunitario para el buen vivir<\/p>\n\n\n\n<p>Ventura Reyes Uriostegui<\/p>\n\n\n\n<p>Ver\u00f3nica Beltr\u00e1n<\/p>\n\n\n\n<p>Ver\u00f3nica Castro Alonso<\/p>\n\n\n\n<p>Ver\u00f3nica Mac\u00edas Alejaldre<\/p>\n\n\n\n<p>Veronica Munier<\/p>\n\n\n\n<p>Ver\u00f3nica Ruiz lagier<\/p>\n\n\n\n<p>Veronica Sosa<\/p>\n\n\n\n<p>Ver\u00f3nica Vel\u00e1zquez<\/p>\n\n\n\n<p>Vianey Chantes<\/p>\n\n\n\n<p>Vianney Zanabria<\/p>\n\n\n\n<p>Vicente Parra Sosa<\/p>\n\n\n\n<p>Victor Hugo Andrade Gonzalez<\/p>\n\n\n\n<p>Victor Hugo \u00c1vila Garc\u00e9s<\/p>\n\n\n\n<p>Victor Hugo Lobato Cruz<\/p>\n\n\n\n<p>VICTOR JUGO BAUTISTA PE\u00d1A<\/p>\n\n\n\n<p>V\u00edctor R\u00edos Cort\u00e1zar<\/p>\n\n\n\n<p>Vilma Almendra<\/p>\n\n\n\n<p>Violeta Campos<\/p>\n\n\n\n<p>Wendolyn Hern\u00e1ndez Olmedo<\/p>\n\n\n\n<p>Xchel Atletl Vega Huitzil<\/p>\n\n\n\n<p>Ximena Ben\u00edtez<\/p>\n\n\n\n<p>Xiomara Roblles<\/p>\n\n\n\n<p>X\u00f3chitl Cuamatzin<\/p>\n\n\n\n<p>Xochitl Florencia<\/p>\n\n\n\n<p>Yadira Contreras Mart\u00ednez<\/p>\n\n\n\n<p>Yadira Trejo Hern\u00e1ndez<\/p>\n\n\n\n<p>Yair Benavides<\/p>\n\n\n\n<p>Yaissa Martinez Toxtle<\/p>\n\n\n\n<p>Yamel El Mosri Fern\u00e1ndez<\/p>\n\n\n\n<p>Yania G.<\/p>\n\n\n\n<p>Yareli Loeza<\/p>\n\n\n\n<p>Yasser Octavio Valle Quintero<\/p>\n\n\n\n<p>Yennifer Villa<\/p>\n\n\n\n<p>Yesenia del Carmen Cort\u00e9s<\/p>\n\n\n\n<p>Yessica reyes merlo<\/p>\n\n\n\n<p>Yihan Tavera<\/p>\n\n\n\n<p>Yisel martinez<\/p>\n\n\n\n<p>Yoatzin Popoca Hern\u00e1ndez<\/p>\n\n\n\n<p>Yolanda Guti\u00e9rrez<\/p>\n\n\n\n<p>Yuteita Valeria Hoyos Ramos<\/p>\n\n\n\n<p>Yuyi Morales<\/p>\n\n\n\n<p>Zadia Abigail Soto Maldonado<\/p>\n\n\n\n<p>Zita Maricela Fuentes Leija<\/p>\n\n\n\n<p>Zoir\u00e9 De la Rosa Padr\u00f3n<\/p>\n\n\n\n<p>Zussette V. Rico<\/p>\n","protected":false},"excerpt":{"rendered":"<p>Agresiones ponen en riesgo la vida de personas defensoras de la tierra y el agua en Puebla con Operativo policiaco y militar <\/p>\n<p>    Operativo pone en riesgo a personas defensoras de la tierra y el agua, mientras PROFEPA levanta la sanci\u00f3n y permite la operaci\u00f3n de un relleno sanitario que se manten\u00eda clausurado por los efectos negativos para la poblaci\u00f3n y el suelo<br \/>\n    Polic\u00eda Estatal acciona armas de fuego en contra de integrantes de la Uni\u00f3n de Pueblos y Fraccionamientos contra el relleno Sanitario.<\/p>\n","protected":false},"author":1,"featured_media":594,"comment_status":"open","ping_status":"closed","sticky":false,"template":"","format":"standard","meta":{"footnotes":""},"categories":[8],"tags":[],"class_list":["post-593","post","type-post","status-publish","format-standard","has-post-thumbnail","hentry","category-puebla-basura"],"_links":{"self":[{"href":"https:\/\/mexicotoxico.org.mx\/noticias\/index.php\/wp-json\/wp\/v2\/posts\/593","targetHints":{"allow":["GET"]}}],"collection":[{"href":"https:\/\/mexicotoxico.org.mx\/noticias\/index.php\/wp-json\/wp\/v2\/posts"}],"about":[{"href":"https:\/\/mexicotoxico.org.mx\/noticias\/index.php\/wp-json\/wp\/v2\/types\/post"}],"author":[{"embeddable":true,"href":"https:\/\/mexicotoxico.org.mx\/noticias\/index.php\/wp-json\/wp\/v2\/users\/1"}],"replies":[{"embeddable":true,"href":"https:\/\/mexicotoxico.org.mx\/noticias\/index.php\/wp-json\/wp\/v2\/comments?post=593"}],"version-history":[{"count":1,"href":"https:\/\/mexicotoxico.org.mx\/noticias\/index.php\/wp-json\/wp\/v2\/posts\/593\/revisions"}],"predecessor-version":[{"id":595,"href":"https:\/\/mexicotoxico.org.mx\/noticias\/index.php\/wp-json\/wp\/v2\/posts\/593\/revisions\/595"}],"wp:featuredmedia":[{"embeddable":true,"href":"https:\/\/mexicotoxico.org.mx\/noticias\/index.php\/wp-json\/wp\/v2\/media\/594"}],"wp:attachment":[{"href":"https:\/\/mexicotoxico.org.mx\/noticias\/index.php\/wp-json\/wp\/v2\/media?parent=593"}],"wp:term":[{"taxonomy":"category","embeddable":true,"href":"https:\/\/mexicotoxico.org.mx\/noticias\/index.php\/wp-json\/wp\/v2\/categories?post=593"},{"taxonomy":"post_tag","embeddable":true,"href":"https:\/\/mexicotoxico.org.mx\/noticias\/index.php\/wp-json\/wp\/v2\/tags?post=593"}],"curies":[{"name":"wp","href":"https:\/\/api.w.org\/{rel}","templated":true}]}}