{"id":580,"date":"2024-02-26T13:16:27","date_gmt":"2024-02-26T19:16:27","guid":{"rendered":"https:\/\/mexicotoxico.org.mx\/noticias\/?p=580"},"modified":"2024-02-26T13:23:18","modified_gmt":"2024-02-26T19:23:18","slug":"organizaciones-buscan-iniciativa-legislativa-anti-plasticos","status":"publish","type":"post","link":"https:\/\/mexicotoxico.org.mx\/noticias\/index.php\/2024\/02\/26\/organizaciones-buscan-iniciativa-legislativa-anti-plasticos\/","title":{"rendered":"Organizaciones buscan iniciativa legislativa Anti pl\u00e1sticos"},"content":{"rendered":"\n<p>Greenpeace M\u00e9xico y la Colectiva Malditos Pl\u00e1sticos lanz\u00f3 la campa\u00f1a \u201cOc\u00e9anos sin pl\u00e1sticos. Detengamos a las empresas contaminantes\u201d, con la que se llevar\u00e1 a cabo una movilizaci\u00f3n masiva por la protecci\u00f3n de los oc\u00e9anos a trav\u00e9s del levantamiento de firmas que busca una reforma legislativa Anti <a href=\"https:\/\/twitter.com\/hashtag\/pl\u00e1sticos?src=hashtag_click\">#pl\u00e1sticos<\/a> que considere el ciclo de vida completo de los pl\u00e1sticos y los impactos da\u00f1inos a los ecosistemas y salud humana. <\/p>\n\n\n\n<p><\/p>\n\n\n\n<p>El <a href=\"https:\/\/twitter.com\/hashtag\/reciclaje?src=hashtag_click\">#reciclaje<\/a> no es la soluci\u00f3n<\/p>\n\n\n\n<figure class=\"wp-block-embed is-type-video is-provider-youtube wp-block-embed-youtube wp-embed-aspect-16-9 wp-has-aspect-ratio\"><div class=\"wp-block-embed__wrapper\">\n<iframe loading=\"lazy\" title=\"Con \u201cOce\u0301anos Sin Pla\u0301sticos\u201d, Greenpeace busca iniciativa legislativa\" width=\"640\" height=\"360\" src=\"https:\/\/www.youtube.com\/embed\/nBFy5ECuxt4?feature=oembed\" frameborder=\"0\" allow=\"accelerometer; autoplay; clipboard-write; encrypted-media; gyroscope; picture-in-picture; web-share\" referrerpolicy=\"strict-origin-when-cross-origin\" allowfullscreen><\/iframe>\n<\/div><\/figure>\n\n\n\n<p><a href=\"https:\/\/www.youtube.com\/hashtag\/greenpeace\">#GreenPeace<\/a><a href=\"https:\/\/www.youtube.com\/hashtag\/contaminaci%C3%B3nmarina\">#Contaminaci\u00f3nMarina<\/a><a href=\"https:\/\/www.youtube.com\/hashtag\/oc%C3%A9anossinpl%C3%A1sticos\">#Oc\u00e9anosSinPl\u00e1sticos<\/a><\/p>\n","protected":false},"excerpt":{"rendered":"<p>Con \u00abOc\u00e9anos sin pl\u00e1sticos\u00bb Greenpeace y Colectiva Malditos Pl\u00e1sticos busca reforma legislativa Anti #pl\u00e1sticos consideremos el ciclo de vida completo de los pl\u00e1sticos y los impactos da\u00f1inos a los ecosistemas y salud humana. El #reciclaje no es la solucion<\/p>\n","protected":false},"author":1,"featured_media":582,"comment_status":"open","ping_status":"closed","sticky":false,"template":"","format":"standard","meta":{"footnotes":""},"categories":[26,5],"tags":[],"class_list":["post-580","post","type-post","status-publish","format-standard","has-post-thumbnail","hentry","category-activismo","category-plasticos"],"_links":{"self":[{"href":"https:\/\/mexicotoxico.org.mx\/noticias\/index.php\/wp-json\/wp\/v2\/posts\/580","targetHints":{"allow":["GET"]}}],"collection":[{"href":"https:\/\/mexicotoxico.org.mx\/noticias\/index.php\/wp-json\/wp\/v2\/posts"}],"about":[{"href":"https:\/\/mexicotoxico.org.mx\/noticias\/index.php\/wp-json\/wp\/v2\/types\/post"}],"author":[{"embeddable":true,"href":"https:\/\/mexicotoxico.org.mx\/noticias\/index.php\/wp-json\/wp\/v2\/users\/1"}],"replies":[{"embeddable":true,"href":"https:\/\/mexicotoxico.org.mx\/noticias\/index.php\/wp-json\/wp\/v2\/comments?post=580"}],"version-history":[{"count":2,"href":"https:\/\/mexicotoxico.org.mx\/noticias\/index.php\/wp-json\/wp\/v2\/posts\/580\/revisions"}],"predecessor-version":[{"id":583,"href":"https:\/\/mexicotoxico.org.mx\/noticias\/index.php\/wp-json\/wp\/v2\/posts\/580\/revisions\/583"}],"wp:featuredmedia":[{"embeddable":true,"href":"https:\/\/mexicotoxico.org.mx\/noticias\/index.php\/wp-json\/wp\/v2\/media\/582"}],"wp:attachment":[{"href":"https:\/\/mexicotoxico.org.mx\/noticias\/index.php\/wp-json\/wp\/v2\/media?parent=580"}],"wp:term":[{"taxonomy":"category","embeddable":true,"href":"https:\/\/mexicotoxico.org.mx\/noticias\/index.php\/wp-json\/wp\/v2\/categories?post=580"},{"taxonomy":"post_tag","embeddable":true,"href":"https:\/\/mexicotoxico.org.mx\/noticias\/index.php\/wp-json\/wp\/v2\/tags?post=580"}],"curies":[{"name":"wp","href":"https:\/\/api.w.org\/{rel}","templated":true}]}}