{"id":540,"date":"2023-12-17T18:54:47","date_gmt":"2023-12-18T00:54:47","guid":{"rendered":"https:\/\/mexicotoxico.org.mx\/noticias\/?p=540"},"modified":"2023-12-17T18:54:47","modified_gmt":"2023-12-18T00:54:47","slug":"necesario-exigir-atencion-gubernamental-al-manejo-de-residuos-costasalvaje","status":"publish","type":"post","link":"https:\/\/mexicotoxico.org.mx\/noticias\/index.php\/2023\/12\/17\/necesario-exigir-atencion-gubernamental-al-manejo-de-residuos-costasalvaje\/","title":{"rendered":"Necesario exigir atenci\u00f3n gubernamental al manejo de residuos: Costasalvaje"},"content":{"rendered":"\n<p>Por: Juan Pablo Guerra<\/p>\n\n\n\n<p>Tijuana, 15 de diciembre. \u201cTenemos que seguir exigiendo m\u00e1s carros de basura, m\u00e1s lugares donde reciclar, hay que seguir haciendo, tener mucha paciencia y seguir yendo a decirle al gobierno que no alcanza\u201d, asegur\u00f3 la directora de comunicaci\u00f3n y pol\u00edtica p\u00fablica de la organizaci\u00f3n Costasalvaje, Fay Crevoshay.<\/p>\n\n\n\n<p>\u201cSomos una organizaci\u00f3n binacional, conservamos ecosistemas costeros y marinos, <strong>estamos luchando contra el cambio clim\u00e1tico<\/strong> a trav\u00e9s de soluciones\u201d, explic\u00f3 Crevoshay al detallar la labor de la organizaci\u00f3n tambi\u00e9n conocida como Wildcoast.<\/p>\n\n\n\n<p><strong>La organizaci\u00f3n realiz\u00f3 dos jornadas de limpieza en las que recolect\u00f3 23 toneladas de pl\u00e1sticos <\/strong>en dos puntos de Tijuana: en el ca\u00f1\u00f3n de Los Laureles se recolectaron 12 toneladas de basura pesada y en el Arroyo Alamar se recopilaron 11 toneladas de residuos de construcci\u00f3n.<\/p>\n\n\n\n<p>\u201cEste esfuerzo por conformar una red ciudadana para poder separar los pl\u00e1sticos desde casa antes de que lleguen incluso al bote de basura es debido a que instalamos el sistema de retenci\u00f3n ah\u00ed en Los Laureles y no quer\u00edamos esperar a que cada que llueve ir para recogerlo\u201d, asegur\u00f3 la gerente de residuos marinos, Rosario Norzagaray.<\/p>\n\n\n\n<p>Detall\u00f3 que <strong>18 colonias de Tijuana cuentan con el programa de prevenci\u00f3n de residuos marinos<\/strong>, con un total de 32 puntos donde pueden entregar sus residuos.<\/p>\n\n\n\n<p>\u201cHemos mostrado las bondades de recuperar esos materiales para reintegrarse a nuevos ciclos productivos y hacer nuevos productos. As\u00ed cuidamos el ambiente, ahorramos el uso de nuevos recursos naturales y aprendemos a obtener recursos econ\u00f3micos\u201d, explic\u00f3.<\/p>\n\n\n\n<p>Sobre la posibilidad de tener m\u00e1s puntos de reciclado en la ciudad, Crevoshay asegur\u00f3: \u201cnosotros hemos intentado hablarlo con el sector privado, con supermercados y eso. No nos ha funcionado. Yo les pedir\u00eda que les hagan una llamada de atenci\u00f3n, porque s\u00ed hacen un evento, una vez, dos horas, un s\u00e1bado, pero ve t\u00fa a acordarte (\u2026) <strong>yo quiero que sea posible que cada vez que t\u00fa vas al s\u00faper puedas llevar tus pl\u00e1sticos<\/strong>\u201d.<\/p>\n\n\n\n<p>Sobre la labor que se realiza en el ca\u00f1\u00f3n de Los Laureles, la directora de comunicaci\u00f3n de Costasalvaje detall\u00f3 que \u201c<strong>durante tres a\u00f1os se han recuperado 93 mil kilos de residuos<\/strong>. Tan s\u00f3lo con el sistema de retenci\u00f3n en el ca\u00f1\u00f3n de Los Laureles se han recolectado m\u00e1s de 37 mil kilos de residuos pl\u00e1sticos y llantas que se han evitado que lleguen al oc\u00e9ano\u201d.<\/p>\n\n\n\n<p>Para el 2024, <strong>la asociaci\u00f3n civil espera colocar su segundo sistema de retenci\u00f3n de residuos pl\u00e1sticos<\/strong>, en esta ocasi\u00f3n en Camino Verde, para el cual ya se habla con el Ayuntamiento de Tijuana y se espera instalar un dise\u00f1o \u201cexperimental\u201d.<\/p>\n\n\n\n<figure class=\"wp-block-embed is-type-wp-embed is-provider-la-jornada-baja-california wp-block-embed-la-jornada-baja-california\"><div class=\"wp-block-embed__wrapper\">\n<blockquote class=\"wp-embedded-content\" data-secret=\"CXyNS0ABV5\"><a href=\"https:\/\/jornadabc.com.mx\/bajacalifornia\/necesario-exigir-atencion-gubernamental-al-manejo-de-residuos-costasalvaje\/\">Necesario exigir atenci\u00f3n gubernamental al manejo de residuos: Costasalvaje<\/a><\/blockquote><iframe loading=\"lazy\" class=\"wp-embedded-content\" sandbox=\"allow-scripts\" security=\"restricted\" style=\"position: absolute; clip: rect(1px, 1px, 1px, 1px);\" title=\"\u00abNecesario exigir atenci\u00f3n gubernamental al manejo de residuos: Costasalvaje\u00bb \u2014 La Jornada Baja California\" src=\"https:\/\/jornadabc.com.mx\/bajacalifornia\/necesario-exigir-atencion-gubernamental-al-manejo-de-residuos-costasalvaje\/embed\/#?secret=zNeZ4FArDw#?secret=CXyNS0ABV5\" data-secret=\"CXyNS0ABV5\" width=\"600\" height=\"338\" frameborder=\"0\" marginwidth=\"0\" marginheight=\"0\" scrolling=\"no\"><\/iframe>\n<\/div><\/figure>\n","protected":false},"excerpt":{"rendered":"<p>Tijuana, 15 de diciembre. \u201cTenemos que seguir exigiendo m\u00e1s carros de basura, m\u00e1s lugares donde reciclar, hay que seguir haciendo, tener mucha paciencia y seguir yendo a decirle al gobierno que no alcanza\u201d, asegur\u00f3 la directora de comunicaci\u00f3n y pol\u00edtica p\u00fablica de la organizaci\u00f3n Costasalvaje, Fay Crevoshay. <\/p>\n","protected":false},"author":1,"featured_media":541,"comment_status":"open","ping_status":"closed","sticky":false,"template":"","format":"standard","meta":{"footnotes":""},"categories":[32],"tags":[],"class_list":["post-540","post","type-post","status-publish","format-standard","has-post-thumbnail","hentry","category-baja-california"],"_links":{"self":[{"href":"https:\/\/mexicotoxico.org.mx\/noticias\/index.php\/wp-json\/wp\/v2\/posts\/540","targetHints":{"allow":["GET"]}}],"collection":[{"href":"https:\/\/mexicotoxico.org.mx\/noticias\/index.php\/wp-json\/wp\/v2\/posts"}],"about":[{"href":"https:\/\/mexicotoxico.org.mx\/noticias\/index.php\/wp-json\/wp\/v2\/types\/post"}],"author":[{"embeddable":true,"href":"https:\/\/mexicotoxico.org.mx\/noticias\/index.php\/wp-json\/wp\/v2\/users\/1"}],"replies":[{"embeddable":true,"href":"https:\/\/mexicotoxico.org.mx\/noticias\/index.php\/wp-json\/wp\/v2\/comments?post=540"}],"version-history":[{"count":1,"href":"https:\/\/mexicotoxico.org.mx\/noticias\/index.php\/wp-json\/wp\/v2\/posts\/540\/revisions"}],"predecessor-version":[{"id":542,"href":"https:\/\/mexicotoxico.org.mx\/noticias\/index.php\/wp-json\/wp\/v2\/posts\/540\/revisions\/542"}],"wp:featuredmedia":[{"embeddable":true,"href":"https:\/\/mexicotoxico.org.mx\/noticias\/index.php\/wp-json\/wp\/v2\/media\/541"}],"wp:attachment":[{"href":"https:\/\/mexicotoxico.org.mx\/noticias\/index.php\/wp-json\/wp\/v2\/media?parent=540"}],"wp:term":[{"taxonomy":"category","embeddable":true,"href":"https:\/\/mexicotoxico.org.mx\/noticias\/index.php\/wp-json\/wp\/v2\/categories?post=540"},{"taxonomy":"post_tag","embeddable":true,"href":"https:\/\/mexicotoxico.org.mx\/noticias\/index.php\/wp-json\/wp\/v2\/tags?post=540"}],"curies":[{"name":"wp","href":"https:\/\/api.w.org\/{rel}","templated":true}]}}