{"id":523,"date":"2023-11-24T15:35:13","date_gmt":"2023-11-24T21:35:13","guid":{"rendered":"https:\/\/mexicotoxico.org.mx\/noticias\/?p=523"},"modified":"2023-12-17T15:39:32","modified_gmt":"2023-12-17T21:39:32","slug":"visita-internacional-por-la-justicia-socioambiental-con-comunidades-afectadas-en-la-zona-de-sacrificio-de-la-region-tolteca","status":"publish","type":"post","link":"https:\/\/mexicotoxico.org.mx\/noticias\/index.php\/2023\/11\/24\/visita-internacional-por-la-justicia-socioambiental-con-comunidades-afectadas-en-la-zona-de-sacrificio-de-la-region-tolteca\/","title":{"rendered":"VISITA INTERNACIONAL POR LA JUSTICIA SOCIOAMBIENTAL, CON COMUNIDADES AFECTADAS EN LA ZONA DE SACRIFICIO DE LA REGI\u00d3N TOLTECA"},"content":{"rendered":"\n<p><code><div class=\"_df_book df-lite\" id=\"df_526\"  _slug=\"los-dias-12-y-13-de-noviembre-de-2023-la-coordinacion-de-america-latina-y-el-caribe-de-la-alianza-global-para-alternativas-a-la-incineracion-gaia-el-colectivo-ecologista-jalisco-la-colectiva-maldi\" data-title=\"los-dias-12-y-13-de-noviembre-de-2023-la-coordinacion-de-america-latina-y-el-caribe-de-la-alianza-global-para-alternativas-a-la-incineracion-gaia-el-colectivo-ecologista-jalisco-la-colectiva-maldi\" wpoptions=\"true\" thumbtype=\"\" ><\/div><script class=\"df-shortcode-script\" nowprocket type=\"application\/javascript\">window.option_df_526 = {\"outline\":[],\"autoEnableOutline\":\"false\",\"autoEnableThumbnail\":\"false\",\"overwritePDFOutline\":\"false\",\"direction\":\"1\",\"pageSize\":\"0\",\"source\":\"https:\\\/\\\/mexicotoxico.org.mx\\\/noticias\\\/wp-content\\\/uploads\\\/2023\\\/12\\\/boletin_regionTol.pdf\",\"wpOptions\":\"true\"}; if(window.DFLIP && window.DFLIP.parseBooks){window.DFLIP.parseBooks();}<\/script><\/code><\/p>\n","protected":false},"excerpt":{"rendered":"<p>Los d\u00edas 12 y 13 de noviembre de 2023, la coordinaci\u00f3n de Am\u00e9rica Latina y el Caribe de la Alianza Global para Alternativas a la incineraci\u00f3n GAIA , el Colectivo Ecologista Jalisco, la Colectiva Malditos Pl\u00e1sticos, Revista No es Basura (NEB), la Fundaci\u00f3n Apaztle, y el Laboratorio de Investigaci\u00f3n en Desarrollo Comunitario y Sustentabilidad (LIDECS) lideraron un recorrido por el territorio en sacrificio del sur de la Regi\u00f3n Tolteca, en el Valle del Mezquital, visitando los municipios de Tula, Atotonilco, Atitalaquia y Apaxco.<\/p>\n","protected":false},"author":1,"featured_media":524,"comment_status":"open","ping_status":"closed","sticky":false,"template":"","format":"standard","meta":{"footnotes":""},"categories":[26],"tags":[38,40],"class_list":["post-523","post","type-post","status-publish","format-standard","has-post-thumbnail","hentry","category-activismo","tag-activismo","tag-colectiva"],"_links":{"self":[{"href":"https:\/\/mexicotoxico.org.mx\/noticias\/index.php\/wp-json\/wp\/v2\/posts\/523","targetHints":{"allow":["GET"]}}],"collection":[{"href":"https:\/\/mexicotoxico.org.mx\/noticias\/index.php\/wp-json\/wp\/v2\/posts"}],"about":[{"href":"https:\/\/mexicotoxico.org.mx\/noticias\/index.php\/wp-json\/wp\/v2\/types\/post"}],"author":[{"embeddable":true,"href":"https:\/\/mexicotoxico.org.mx\/noticias\/index.php\/wp-json\/wp\/v2\/users\/1"}],"replies":[{"embeddable":true,"href":"https:\/\/mexicotoxico.org.mx\/noticias\/index.php\/wp-json\/wp\/v2\/comments?post=523"}],"version-history":[{"count":2,"href":"https:\/\/mexicotoxico.org.mx\/noticias\/index.php\/wp-json\/wp\/v2\/posts\/523\/revisions"}],"predecessor-version":[{"id":529,"href":"https:\/\/mexicotoxico.org.mx\/noticias\/index.php\/wp-json\/wp\/v2\/posts\/523\/revisions\/529"}],"wp:featuredmedia":[{"embeddable":true,"href":"https:\/\/mexicotoxico.org.mx\/noticias\/index.php\/wp-json\/wp\/v2\/media\/524"}],"wp:attachment":[{"href":"https:\/\/mexicotoxico.org.mx\/noticias\/index.php\/wp-json\/wp\/v2\/media?parent=523"}],"wp:term":[{"taxonomy":"category","embeddable":true,"href":"https:\/\/mexicotoxico.org.mx\/noticias\/index.php\/wp-json\/wp\/v2\/categories?post=523"},{"taxonomy":"post_tag","embeddable":true,"href":"https:\/\/mexicotoxico.org.mx\/noticias\/index.php\/wp-json\/wp\/v2\/tags?post=523"}],"curies":[{"name":"wp","href":"https:\/\/api.w.org\/{rel}","templated":true}]}}