{"id":510,"date":"2023-12-06T06:57:56","date_gmt":"2023-12-06T12:57:56","guid":{"rendered":"https:\/\/mexicotoxico.org.mx\/noticias\/?p=510"},"modified":"2023-12-06T06:57:56","modified_gmt":"2023-12-06T12:57:56","slug":"sedema-anuncia-mas-rellenos-sanitarios-para-veracruz-donde-los-van-a-construir-te-decimos","status":"publish","type":"post","link":"https:\/\/mexicotoxico.org.mx\/noticias\/index.php\/2023\/12\/06\/sedema-anuncia-mas-rellenos-sanitarios-para-veracruz-donde-los-van-a-construir-te-decimos\/","title":{"rendered":"Sedema anuncia m\u00e1s rellenos sanitarios para Veracruz; \u00bfd\u00f3nde los van a construir? Te decimos"},"content":{"rendered":"\n<h3 class=\"wp-block-heading\">El titular de la Sedema tambi\u00e9n habl\u00f3 del rescate del r\u00edo Blanco que es uno de los temas que estar\u00e1n tocando para el 2023<\/h3>\n\n\n\n<h4 class=\"wp-block-heading\">El titular de la Secretar\u00eda del Medio Ambiente Juan Carlos Contreras Bautista anunci\u00f3 la contrucci\u00f3n de m\u00e1s rellenos sanitarios para Veracruz | Foto: Jhennifer Renaud | El Sol de Orizaba<\/h4>\n\n\n\n<p>Guadalupe Castillo | El Sol de Orizaba<\/p>\n\n\n\n<p>R\u00edo Blanco, Ver. &#8211; Juan Carlos Contreras Bautista, titular de la Secretar\u00eda del Medio Ambiente (Sedema) del estado de Veracruz, da a conocer la<strong> realizaci\u00f3n de al menos seis rellenos sanitarios en el estado para el 2023<\/strong>.<\/p>\n\n\n\n<p>Siendo la falta de rellenos sanitarios una preocupaci\u00f3n en materia ambiental, se est\u00e1 proyectando hacer m\u00e1s y ya se tienen pensado en algunos municipios. <strong>Para la zona de las altas monta\u00f1as se pensar\u00e1 en otra forma de colaboraci\u00f3n<\/strong>.<\/p>\n\n\n\n<ul class=\"wp-block-list\">\n<li><strong><em>Puedes leer tambi\u00e9n: <\/em><a rel=\"noreferrer noopener\" target=\"_blank\" href=\"https:\/\/www.elsoldeorizaba.com.mx\/local\/falta-de-servicios-sanitarios-reduce-la-llegada-de-visitantes-a-la-laguna-el-porvenir-en-cordoba-9311028.html\">Sitio tur\u00edstico de C\u00f3rdoba sin servicios sanitarios<\/a><\/strong><\/li>\n<\/ul>\n\n\n\n<p><strong>P\u00e1nuco, \u00c1lamo, Paso de Ovejas, Acayucan, Cosamaloapan<\/strong> son algunos de los municipios que suenan para los pr\u00f3ximos rellenos sanitarios.<\/p>\n\n\n\n<p>Cabe hacer menci\u00f3n que a inicios de a\u00f1o Sergio Rodr\u00edguez Cort\u00e9s, titular de la Procuradur\u00eda del Medio Ambiente del Estado, <strong>anunci\u00f3 la creaci\u00f3n de tres centros de transferencia que contemplan a C\u00f3rdoba, Tomatl\u00e1n y Tequila<\/strong>, para reducir el gasto que genera el transporte de basura al relleno sanitario de las altas monta\u00f1as, sin embargo, no se ha tenido m\u00e1s informaci\u00f3n al respecto, no obstante se puede contemplar la proyecci\u00f3n de estos para el 2023.<\/p>\n\n\n\n<p><\/p>\n\n\n\n<p>Respecto a las <strong>plantas de tratamiento<\/strong>, en el municipio de Tlilapan este no ha funcionado. Este proyecto fue pedido por la administraci\u00f3n del 2020.<\/p>\n\n\n\n<p>Estamos trabajando por eso en lo de la planta de aguas residuales de Firiob que este no se ha tomado en a\u00f1os, ahora es diferente<\/p>\n\n\n\n<p>Contreras Bautista comenta que <strong>el rescate del r\u00edo Blanco es uno de los temas que estar\u00e1n pensando para el 2023<\/strong>.<\/p>\n\n\n\n<p>Este a\u00f1o se decret\u00f3 una nueva \u00e1rea natural protegida y aunque no se dieron m\u00e1s detalles sobre la misma, se est\u00e1n elaborando m\u00e1s decretos para estas acciones, \u00abla conservaci\u00f3n es importante, est\u00e1 muy bien y eso se ve\u00bb.<\/p>\n\n\n\n<p><\/p>\n\n\n\n<p><a href=\"https:\/\/www.elsoldeorizaba.com.mx\/local\/sedema-anuncia-mas-rellenos-sanitarios-para-veracruz-donde-los-van-a-construir-te-decimos-9312650.html\">https:\/\/www.elsoldeorizaba.com.mx\/local\/sedema-anuncia-mas-rellenos-sanitarios-para-veracruz-donde-los-van-a-construir-te-decimos-9312650.html<\/a><\/p>\n","protected":false},"excerpt":{"rendered":"<p>Juan Carlos Contreras Bautista, titular de la Secretar\u00eda del Medio Ambiente (Sedema) del estado de Veracruz, da a conocer la realizaci\u00f3n de al menos seis rellenos sanitarios en el estado para el 2023.<\/p>\n","protected":false},"author":1,"featured_media":511,"comment_status":"open","ping_status":"closed","sticky":false,"template":"","format":"standard","meta":{"footnotes":""},"categories":[2,18],"tags":[],"class_list":["post-510","post","type-post","status-publish","format-standard","has-post-thumbnail","hentry","category-basura","category-veracruz"],"_links":{"self":[{"href":"https:\/\/mexicotoxico.org.mx\/noticias\/index.php\/wp-json\/wp\/v2\/posts\/510","targetHints":{"allow":["GET"]}}],"collection":[{"href":"https:\/\/mexicotoxico.org.mx\/noticias\/index.php\/wp-json\/wp\/v2\/posts"}],"about":[{"href":"https:\/\/mexicotoxico.org.mx\/noticias\/index.php\/wp-json\/wp\/v2\/types\/post"}],"author":[{"embeddable":true,"href":"https:\/\/mexicotoxico.org.mx\/noticias\/index.php\/wp-json\/wp\/v2\/users\/1"}],"replies":[{"embeddable":true,"href":"https:\/\/mexicotoxico.org.mx\/noticias\/index.php\/wp-json\/wp\/v2\/comments?post=510"}],"version-history":[{"count":1,"href":"https:\/\/mexicotoxico.org.mx\/noticias\/index.php\/wp-json\/wp\/v2\/posts\/510\/revisions"}],"predecessor-version":[{"id":512,"href":"https:\/\/mexicotoxico.org.mx\/noticias\/index.php\/wp-json\/wp\/v2\/posts\/510\/revisions\/512"}],"wp:featuredmedia":[{"embeddable":true,"href":"https:\/\/mexicotoxico.org.mx\/noticias\/index.php\/wp-json\/wp\/v2\/media\/511"}],"wp:attachment":[{"href":"https:\/\/mexicotoxico.org.mx\/noticias\/index.php\/wp-json\/wp\/v2\/media?parent=510"}],"wp:term":[{"taxonomy":"category","embeddable":true,"href":"https:\/\/mexicotoxico.org.mx\/noticias\/index.php\/wp-json\/wp\/v2\/categories?post=510"},{"taxonomy":"post_tag","embeddable":true,"href":"https:\/\/mexicotoxico.org.mx\/noticias\/index.php\/wp-json\/wp\/v2\/tags?post=510"}],"curies":[{"name":"wp","href":"https:\/\/api.w.org\/{rel}","templated":true}]}}