{"id":485,"date":"2023-11-10T22:17:35","date_gmt":"2023-11-11T04:17:35","guid":{"rendered":"https:\/\/mexicotoxico.org.mx\/noticias\/?p=485"},"modified":"2023-11-10T22:17:35","modified_gmt":"2023-11-11T04:17:35","slug":"bucaran-ambientalistas-auditoria-con-relator-de-las-naciones-unidas","status":"publish","type":"post","link":"https:\/\/mexicotoxico.org.mx\/noticias\/index.php\/2023\/11\/10\/bucaran-ambientalistas-auditoria-con-relator-de-las-naciones-unidas\/","title":{"rendered":"Bucar\u00e1n ambientalistas auditoria con relator de las Naciones Unidas"},"content":{"rendered":"\n<p><strong><em>Derivado del problema de contaminaci\u00f3n del aire, agua y suelo de Salamanca, ambientalistas buscar\u00e1n una auditoria con el relator de las Naciones Unidas sobre los derechos humanos y el medio ambiente, David R. Boyd, para revisar de que manera se han gastado los recursos destinados para resolver el problemas como el saneamiento de Tekchem, as\u00ed como otras situaciones ambientales, indic\u00f3, Marissa Jacott, directora de Fronteras Comunes.<\/em><\/strong><\/p>\n\n\n\n<p><\/p>\n\n\n\n<p>En ese sentido, la<strong>\u00a0toxic\u00f3loga<\/strong>, dijo que, en casos de contaminaci\u00f3n como el de<strong>\u00a0Tekchem<\/strong>, se refleja una gran oscuridad,\u00a0<strong>falta de transparencia<\/strong>\u00a0y de acceso a la informaci\u00f3n por parte de las<strong>\u00a0autoridades<\/strong>\u00a0de los<strong>\u00a0tres niveles de gobierno.<\/strong><\/p>\n\n\n\n<p>\u201cEstamos haciendo las gestiones para que el&nbsp;<strong>relator de Naciones Unidas<\/strong>, pueda venir a<strong>&nbsp;Salamanca<\/strong>, porque \u00e9l ha mencionado que es el estado el que debe de trabajar en acciones para prevenir la<strong>&nbsp;contaminaci\u00f3n<\/strong>&nbsp;de este sitio y eso es lo que no se ha hecho, ya que, es&nbsp;<strong>un derecho y un principio humano&nbsp;<\/strong>y es el estado el que da las autorizaciones y el que tendr\u00eda que hacer la<strong>&nbsp;vigilancia&nbsp;<\/strong>del sitio, y si no lo logra, ya le corresponde a las&nbsp;<strong>instancias federales<\/strong>\u201d, explic\u00f3.<\/p>\n\n\n\n<p>Destac\u00f3 que, buscar\u00e1n solicitar una<strong>&nbsp;auditor\u00eda<\/strong>&nbsp;para conocer la manera en la que se han<strong>&nbsp;distribuido los recursos&nbsp;<\/strong>que ha invertido la&nbsp;<strong>Secretar\u00eda de Medio Ambiente y Recursos Naturales<\/strong>, con el fin de conocer c\u00f3mo est\u00e1 distribuido y organizado el trabajo al interior del sitio y la manera en la que se&nbsp;<strong>proyecta&nbsp;<\/strong>en el futuro.<\/p>\n\n\n\n<p>En Salamanca, son varios los\u00a0<strong>problemas ambientales<\/strong>\u00a0que se padecen y que van desde la contaminaci\u00f3n del\u00a0<strong>R\u00edo Lerma,<\/strong>\u00a0las emanaciones de\u00a0<strong>nubes amarillas\u00a0<\/strong>por parte de petr\u00f3leos mexicanos hasta<strong>\u00a0Tekchem<\/strong>, este \u00faltimo considerado como uno de los principales problemas a atender por parte de los gobiernos, ya que, se trata de uno de los sitios con una mayor cantidad de\u00a0<strong>contaminantes.<\/strong><\/p>\n\n\n\n<p>De acuerdo al diario Oficial de la federaci\u00f3n, el predio de m\u00e1s de 260 mil metros cuadrados, que en alguna ocasi\u00f3n fue conocido como la planta de<strong>\u00a0Tekchem<\/strong>, cuenta con 14 mil toneladas de\u00a0<strong>agentes t\u00f3xicos<\/strong>\u00a0y cancer\u00edgenos y que en 2021 dio a conocer una<strong>\u00a0inversi\u00f3n<\/strong>\u00a0de 200 millones de pesos para el saneamiento de este lugar.<\/p>\n\n\n\n<p>De acuerdo al diario Oficial de la federaci\u00f3n, el predio de m\u00e1s de 260 mil metros cuadrados, que en alguna ocasi\u00f3n fue conocido como la planta de<strong>&nbsp;Tekchem<\/strong>, cuenta con 14 mil toneladas de&nbsp;<strong>agentes t\u00f3xicos<\/strong>&nbsp;y cancer\u00edgenos y que en 2021 dio a conocer una<strong>&nbsp;inversi\u00f3n<\/strong>&nbsp;de 200 millones de pesos para el saneamiento de este lugar.<\/p>\n","protected":false},"excerpt":{"rendered":"<p>Derivado del problema de contaminaci\u00f3n del aire, agua y suelo de Salamanca, ambientalistas buscar\u00e1n una auditoria con el relator de las Naciones Unidas sobre los derechos humanos y el medio ambiente, David R. Boyd, para revisar de que manera se han gastado los recursos destinados para resolver el problemas como el saneamiento de Tekchem, as\u00ed como otras situaciones ambientales, indic\u00f3, Marissa Jacott, directora de Fronteras Comunes.<\/p>\n","protected":false},"author":1,"featured_media":486,"comment_status":"open","ping_status":"closed","sticky":false,"template":"","format":"standard","meta":{"footnotes":""},"categories":[26],"tags":[],"class_list":["post-485","post","type-post","status-publish","format-standard","has-post-thumbnail","hentry","category-activismo"],"_links":{"self":[{"href":"https:\/\/mexicotoxico.org.mx\/noticias\/index.php\/wp-json\/wp\/v2\/posts\/485","targetHints":{"allow":["GET"]}}],"collection":[{"href":"https:\/\/mexicotoxico.org.mx\/noticias\/index.php\/wp-json\/wp\/v2\/posts"}],"about":[{"href":"https:\/\/mexicotoxico.org.mx\/noticias\/index.php\/wp-json\/wp\/v2\/types\/post"}],"author":[{"embeddable":true,"href":"https:\/\/mexicotoxico.org.mx\/noticias\/index.php\/wp-json\/wp\/v2\/users\/1"}],"replies":[{"embeddable":true,"href":"https:\/\/mexicotoxico.org.mx\/noticias\/index.php\/wp-json\/wp\/v2\/comments?post=485"}],"version-history":[{"count":1,"href":"https:\/\/mexicotoxico.org.mx\/noticias\/index.php\/wp-json\/wp\/v2\/posts\/485\/revisions"}],"predecessor-version":[{"id":487,"href":"https:\/\/mexicotoxico.org.mx\/noticias\/index.php\/wp-json\/wp\/v2\/posts\/485\/revisions\/487"}],"wp:featuredmedia":[{"embeddable":true,"href":"https:\/\/mexicotoxico.org.mx\/noticias\/index.php\/wp-json\/wp\/v2\/media\/486"}],"wp:attachment":[{"href":"https:\/\/mexicotoxico.org.mx\/noticias\/index.php\/wp-json\/wp\/v2\/media?parent=485"}],"wp:term":[{"taxonomy":"category","embeddable":true,"href":"https:\/\/mexicotoxico.org.mx\/noticias\/index.php\/wp-json\/wp\/v2\/categories?post=485"},{"taxonomy":"post_tag","embeddable":true,"href":"https:\/\/mexicotoxico.org.mx\/noticias\/index.php\/wp-json\/wp\/v2\/tags?post=485"}],"curies":[{"name":"wp","href":"https:\/\/api.w.org\/{rel}","templated":true}]}}