{"id":47,"date":"2023-03-23T23:26:51","date_gmt":"2023-03-23T23:26:51","guid":{"rendered":"https:\/\/mexicotoxico.org.mx\/noticias\/?p=47"},"modified":"2023-04-11T23:27:29","modified_gmt":"2023-04-11T23:27:29","slug":"es-un-hecho-el-fuerte-tendra-relleno-sanitario","status":"publish","type":"post","link":"https:\/\/mexicotoxico.org.mx\/noticias\/index.php\/2023\/03\/23\/es-un-hecho-el-fuerte-tendra-relleno-sanitario\/","title":{"rendered":"\u00a1Es un hecho! El Fuerte tendr\u00e1 relleno sanitario"},"content":{"rendered":"\n<p>Despu\u00e9s de a\u00f1os de lucha, el municipio de&nbsp;<strong>El Fuerte tendr\u00e1 un relleno sanitario digno<\/strong>, que cumpla con lo establecido en las normas ambientales y lo m\u00e1s importante, sin afectar a la ciudadan\u00eda<br>As\u00ed lo dio a conocer el<strong>&nbsp;alcalde del alte\u00f1o municipio Gildardo Leyva Ortega<\/strong>&nbsp;quien coment\u00f3 que el gobierno del estado, espec\u00edficamente el&nbsp;<strong>gobernador Rub\u00e9n Rocha Moya<\/strong>&nbsp;ya autoriz\u00f3 los primeros 10 millones de pesos para este proyecto.<\/p>\n\n\n\n<p>\u201cYa est\u00e1 listo todo, estuve en&nbsp;<a href=\"https:\/\/www.debate.com.mx\/sinaloa\/policiaca\/Buscan-a-Maria-Isabel-mujer-desaparecida-en-Culiacan-tiene-un-lunar-grande-en-la-mejilla-20230323-0088.html\" target=\"_blank\" rel=\"noreferrer noopener\">Culiac\u00e1n&nbsp;<\/a>y est\u00e1 listo el dinero, lo van a depositar ahora en la semana y vamos a tratar de empezar con la primera etapa, son 10 millones pero todo el proyecto son 27 millones de pesos m\u00e1s o menos, el gobernador dijo que ya est\u00e1 el recurso\u201d, indic\u00f3.<\/p>\n\n\n\n<p>El funcionario municipal coment\u00f3 que son tres terrenos los que se tienen analizados; sin embargo, hasta el momento no se ha definido ninguno pues afirm\u00f3 que esta decisi\u00f3n tiene que tomarse de manera responsable.<\/p>\n\n\n\n<p>\u201cTenemos tres partes, estamos buscando la parte m\u00e1s estrat\u00e9gica y yo creo estamos por definirlo. Un terreno est\u00e1 por el lado de Tetaroba, otro en San Blas y uno m\u00e1s, en Jahuara Primero, hablamos de que se requieren unas tres hect\u00e1reas m\u00ednimamente y tenemos m\u00e1s de esa cantidad en esos terrenos\u201d, mencion\u00f3.<\/p>\n\n\n\n<p>Leyva Ortega explic\u00f3 que una vez que se defina el espacio apto para la construcci\u00f3n de este&nbsp;<strong>relleno sanitario<\/strong>, iniciar\u00e1n con la realizaci\u00f3n de la tramitolog\u00eda, entre ellos, el estudio de impacto ambiental para poder sacar los permisos correspondientes.<\/p>\n\n\n\n<p>\u201cVamos al estudio de impacto ambiental, en un<strong>&nbsp;primer relleno<\/strong>&nbsp;ya hab\u00eda uno pero se venci\u00f3 porque no lo hicieron, ahorita estamos por definir el terreno y r\u00e1pidamente haremos el estudio y el del uso de suelo. Pienso que para la pr\u00f3xima semana ya estemos en condiciones, el recurso viene del estado\u201d.La Secretar\u00eda de Salud Sinaloa descuenta a trabajadores pr\u00e9stamos ya liquidados<\/p>\n\n\n\n<p>Egresada de la Carrera de Ciencias de la Comunicaci\u00f3n por la UdeO (ahora UadeO) unidad Los Mochis. En el a\u00f1o 2007 inicia su carrera profesional como reportera y conductora del noticiero Hechos Mochis de la empresa televisiva TVAzteca. Un a\u00f1o despu\u00e9s pasa al peri\u00f3dico Noroeste dando cobertura a las fuentes de Gobierno, Empresarial y Agr\u00edcola. Posteriormente, pasa a la filas del equipo de periodistas de la cada editorial de EL DEBATE en donde actualmente cubre las \u00e1reas de Pol\u00edtica, Gobierno y Empresarial. Entre su capacitaci\u00f3n profesional, se destaca entre otros, el taller de periodismo Oveja Negra que realizaba EL DEBATE en conjunto con la empresa de Consultoria Internacional M\u00e1quina de Ideas. Adem\u00e1s de cursos impartidos por el INEGI relacionado a delitos electorales y de periodismo, entre otros enfocados al ejercicio period\u00edstico. En el 2018 fue galardonado por el Seminario de Cultura Mexicana, corresponsal\u00eda Los Mochis-El Fuerte y Guasave en el marco del d\u00eda de la Libertad de Expresi\u00f3n<\/p>\n\n\n\n<p><a rel=\"noreferrer noopener\" href=\"https:\/\/www.debate.com.mx\/sinaloa\/losmochis\/Es-un-hecho-El-Fuerte-tendra-relleno-sanitario-20230323-0092.html\" target=\"_blank\">https:\/\/www.debate.com.mx\/sinaloa\/losmochis\/Es-un-hecho-El-Fuerte-tendra-relleno-sanitario-20230323-0092.html<\/a><\/p>\n","protected":false},"excerpt":{"rendered":"<p>Despu\u00e9s de a\u00f1os de lucha, el municipio de&nbsp;El Fuerte tendr\u00e1 un relleno sanitario digno, que cumpla con lo establecido en las normas ambientales y lo m\u00e1s importante, sin afectar a la ciudadan\u00edaAs\u00ed lo dio a conocer el&nbsp;alcalde del alte\u00f1o municipio Gildardo Leyva Ortega&nbsp;quien coment\u00f3 que el gobierno del estado, espec\u00edficamente el&nbsp;gobernador Rub\u00e9n Rocha Moya&nbsp;ya autoriz\u00f3&#8230;<\/p>\n","protected":false},"author":1,"featured_media":48,"comment_status":"open","ping_status":"closed","sticky":false,"template":"","format":"standard","meta":{"footnotes":""},"categories":[2,3],"tags":[],"class_list":["post-47","post","type-post","status-publish","format-standard","has-post-thumbnail","hentry","category-basura","category-sinaloa"],"_links":{"self":[{"href":"https:\/\/mexicotoxico.org.mx\/noticias\/index.php\/wp-json\/wp\/v2\/posts\/47","targetHints":{"allow":["GET"]}}],"collection":[{"href":"https:\/\/mexicotoxico.org.mx\/noticias\/index.php\/wp-json\/wp\/v2\/posts"}],"about":[{"href":"https:\/\/mexicotoxico.org.mx\/noticias\/index.php\/wp-json\/wp\/v2\/types\/post"}],"author":[{"embeddable":true,"href":"https:\/\/mexicotoxico.org.mx\/noticias\/index.php\/wp-json\/wp\/v2\/users\/1"}],"replies":[{"embeddable":true,"href":"https:\/\/mexicotoxico.org.mx\/noticias\/index.php\/wp-json\/wp\/v2\/comments?post=47"}],"version-history":[{"count":1,"href":"https:\/\/mexicotoxico.org.mx\/noticias\/index.php\/wp-json\/wp\/v2\/posts\/47\/revisions"}],"predecessor-version":[{"id":49,"href":"https:\/\/mexicotoxico.org.mx\/noticias\/index.php\/wp-json\/wp\/v2\/posts\/47\/revisions\/49"}],"wp:featuredmedia":[{"embeddable":true,"href":"https:\/\/mexicotoxico.org.mx\/noticias\/index.php\/wp-json\/wp\/v2\/media\/48"}],"wp:attachment":[{"href":"https:\/\/mexicotoxico.org.mx\/noticias\/index.php\/wp-json\/wp\/v2\/media?parent=47"}],"wp:term":[{"taxonomy":"category","embeddable":true,"href":"https:\/\/mexicotoxico.org.mx\/noticias\/index.php\/wp-json\/wp\/v2\/categories?post=47"},{"taxonomy":"post_tag","embeddable":true,"href":"https:\/\/mexicotoxico.org.mx\/noticias\/index.php\/wp-json\/wp\/v2\/tags?post=47"}],"curies":[{"name":"wp","href":"https:\/\/api.w.org\/{rel}","templated":true}]}}