{"id":403,"date":"2023-09-17T13:10:41","date_gmt":"2023-09-17T19:10:41","guid":{"rendered":"https:\/\/mexicotoxico.org.mx\/noticias\/?p=403"},"modified":"2023-09-21T13:10:57","modified_gmt":"2023-09-21T19:10:57","slug":"colonias-presentan-problemas-de-recoleccion-de-basura","status":"publish","type":"post","link":"https:\/\/mexicotoxico.org.mx\/noticias\/index.php\/2023\/09\/17\/colonias-presentan-problemas-de-recoleccion-de-basura\/","title":{"rendered":"Colonias presentan problemas de recolecci\u00f3n de basura"},"content":{"rendered":"\n<p>V\u00edctor Razo&nbsp; | El sol de Salamanca<\/p>\n\n\n\n<p>2\u20133 minutos<\/p>\n\n\n\n<hr class=\"wp-block-separator has-alpha-channel-opacity\"\/>\n\n\n\n<p>Salamanca, Gto. La falla en por lo menos<strong> siete camiones recolectores de basura caus\u00f3 la molestia en los ciudadanos debido al incumplimiento de rutas,<\/strong> a lo que el titular de Servicios P\u00fablicos Municipales Aar\u00f3n Gasca Aguinaco indic\u00f3 que estar\u00e1 regularizando el servicio de recolecci\u00f3n en los pr\u00f3ximos d\u00edas.<\/p>\n\n\n\n<p><a rel=\"noreferrer noopener\" href=\"https:\/\/oem.pressreader.com\/el-sol-de-salamanca\" target=\"_blank\"><\/a><\/p>\n\n\n\n<p>\u201cTraemos unas<strong> unidades en mantenimiento, las cuales por el tema de las lluvias requieren un mantenimiento continuo y profundo porque van a comunidades<\/strong> y colonias en las cuales por las lluvias se han visto afectados los caminos, tambi\u00e9n afecta a las unidades, las cuales est\u00e1n en constante trabajo; por el de mantenimiento de est\u00e1 atrasando la recolecci\u00f3n\u201d, explic\u00f3 Aar\u00f3n Gasca Aguinaco.<\/p>\n\n\n\n<p>Las colonias en las cuales se presentaron los atrasos en el sistema de recolecci\u00f3n de basura fueron en la <strong>Constelaci\u00f3n, El Ed\u00e9n 1 y 2, Constituyentes, Olimpo, Calle Sol (Guardia Nacional) Cerrito y Ampliaci\u00f3n el Cerrito, San Jos\u00e9 y Ampliaci\u00f3n San Jos\u00e9 2, 3 y 4, De Lourdes, Las Fuentes y Secci\u00f3n 64.<\/strong><\/p>\n\n\n\n<p>Los habitantes de est\u00e1s colonias,<strong> hab\u00edan externado su molestia al desconocer el porqu\u00e9<\/strong> no se hac\u00eda presente el cami\u00f3n recolector de basura.<\/p>\n\n\n\n<p>El funcionario dijo, \u201chemos tenido algunos reportes sobre la calle Obreg\u00f3n en donde se est\u00e1n llevando a cabo las obras de CMAPAS, ah\u00ed pasa un cami\u00f3n de tres y media toneladas, por eso pedimos a la ciudadan\u00eda de esta parte que nos apoye sacando la basura a la 1 de la tarde; nosotros tenemos ciertas rutas las cuales abarcan ciertas colonias\u201d.<\/p>\n\n\n\n<p>Aunado a ello se estableci\u00f3 que se espera que para el d\u00eda de hoy (lunes) ya se pueda contar con la totalidad de las unidades que se encuentran fuera de servicio y se regularicen los recorridos.<\/p>\n\n\n\n<p>\u201cTenemos siete unidades en reparaci\u00f3n por cosas sobre todo en el tema de muelles los cuales son algo tardados, por lo que pedimos paciencia a la ciudadan\u00eda en lo que se regulariza\u201d, finaliz\u00f3.<\/p>\n\n\n\n<p><a href=\"https:\/\/www.elsoldesalamanca.com.mx\/local\/colonias-presentan-problemas-de-recoleccion-de-basura-10707816.html\">https:\/\/www.elsoldesalamanca.com.mx\/local\/colonias-presentan-problemas-de-recoleccion-de-basura-10707816.html<\/a><\/p>\n","protected":false},"excerpt":{"rendered":"<p>La falla en por lo menos siete camiones recolectores de basura caus\u00f3 la molestia en los ciudadanos debido al incumplimiento de rutas, a lo que el titular de Servicios P\u00fablicos Municipales Aar\u00f3n Gasca Aguinaco indic\u00f3 que estar\u00e1 regularizando el servicio de recolecci\u00f3n en los pr\u00f3ximos d\u00edas.<\/p>\n","protected":false},"author":1,"featured_media":404,"comment_status":"open","ping_status":"closed","sticky":false,"template":"","format":"standard","meta":{"footnotes":""},"categories":[29],"tags":[],"class_list":["post-403","post","type-post","status-publish","format-standard","has-post-thumbnail","hentry","category-guanajuato"],"_links":{"self":[{"href":"https:\/\/mexicotoxico.org.mx\/noticias\/index.php\/wp-json\/wp\/v2\/posts\/403","targetHints":{"allow":["GET"]}}],"collection":[{"href":"https:\/\/mexicotoxico.org.mx\/noticias\/index.php\/wp-json\/wp\/v2\/posts"}],"about":[{"href":"https:\/\/mexicotoxico.org.mx\/noticias\/index.php\/wp-json\/wp\/v2\/types\/post"}],"author":[{"embeddable":true,"href":"https:\/\/mexicotoxico.org.mx\/noticias\/index.php\/wp-json\/wp\/v2\/users\/1"}],"replies":[{"embeddable":true,"href":"https:\/\/mexicotoxico.org.mx\/noticias\/index.php\/wp-json\/wp\/v2\/comments?post=403"}],"version-history":[{"count":1,"href":"https:\/\/mexicotoxico.org.mx\/noticias\/index.php\/wp-json\/wp\/v2\/posts\/403\/revisions"}],"predecessor-version":[{"id":405,"href":"https:\/\/mexicotoxico.org.mx\/noticias\/index.php\/wp-json\/wp\/v2\/posts\/403\/revisions\/405"}],"wp:featuredmedia":[{"embeddable":true,"href":"https:\/\/mexicotoxico.org.mx\/noticias\/index.php\/wp-json\/wp\/v2\/media\/404"}],"wp:attachment":[{"href":"https:\/\/mexicotoxico.org.mx\/noticias\/index.php\/wp-json\/wp\/v2\/media?parent=403"}],"wp:term":[{"taxonomy":"category","embeddable":true,"href":"https:\/\/mexicotoxico.org.mx\/noticias\/index.php\/wp-json\/wp\/v2\/categories?post=403"},{"taxonomy":"post_tag","embeddable":true,"href":"https:\/\/mexicotoxico.org.mx\/noticias\/index.php\/wp-json\/wp\/v2\/tags?post=403"}],"curies":[{"name":"wp","href":"https:\/\/api.w.org\/{rel}","templated":true}]}}