{"id":400,"date":"2023-09-21T13:07:25","date_gmt":"2023-09-21T19:07:25","guid":{"rendered":"https:\/\/mexicotoxico.org.mx\/noticias\/?p=400"},"modified":"2023-09-21T13:07:25","modified_gmt":"2023-09-21T19:07:25","slug":"empieza-a-revertirse-crisis-de-basura-alcalde","status":"publish","type":"post","link":"https:\/\/mexicotoxico.org.mx\/noticias\/index.php\/2023\/09\/21\/empieza-a-revertirse-crisis-de-basura-alcalde\/","title":{"rendered":"Empieza a revertirse crisis de basura: alcalde"},"content":{"rendered":"\n<p><div><div class=\"nH\"><div class=\"nH\"><div class=\"nH aqk aql bkL\"><div class=\"nH bkK\"><div class=\"nH\"><div class=\"nH ar4 z\"><div class=\"\"><div class=\"AO\"><div id=\":3\" class=\"Tm aeJ\"><div id=\":1\" class=\"aeF\"><div class=\"nH\"><div class=\"nH\" role=\"main\"><div class=\"nH g id\"><table class=\"Bs nH iY bAt\" cellpadding=\"0\" role=\"presentation\"><tbody><tr class=\"aTN\"><td class=\"Bu\"><div class=\"nH a98 iY\"><div class=\"nH oy8Mbf aHU hx\"><div role=\"list\"><div class=\"h7 ie\" role=\"listitem\" aria-expanded=\"true\" tabindex=\"-1\"><div class=\"Bk\"><div class=\"G3 G2\"><div><div id=\":p5\"><div class=\"adn ads\" data-message-id=\"#msg-f:1777459133516743020\" data-legacy-message-id=\"18aacdaa200a016c\"><div class=\"gs\"><div class=\"\"><div id=\":rc\" class=\"ii gt\"><div id=\":rb\" class=\"a3s aiL \"><div dir=\"ltr\"><div lang=\"es\" dir=\"ltr\"><div><div>D\u00e1maris Arellanes<\/div><div>           <div dir=\"ltr\">1\u20132 minutos<\/div>         <\/div><\/div><div>         <div><div id=\"m_4315356770601275478m_-6463164934522729027gmail-readability-page-1\"> <p>Ciudad Ju\u00e1rez.- Durante los \u00faltimos d\u00edas el \u00edndice de quejas que  recibe la Direcci\u00f3n de Limpia por el servicio de recolecci\u00f3n de basura  han disminuido, as\u00ed lo asegur\u00f3 el presidente municipal Cruz P\u00e9rez  Cu\u00e9llar, quien enfatiz\u00f3 en que se est\u00e1 logrando revertir la crisis de  acumulamiento de basura.<\/p><div id=\"m_4315356770601275478m_-6463164934522729027gmail-sm_box_1695108126308\">  <p><img loading=\"lazy\" decoding=\"async\" height=\"1\" width=\"1\" data-bit=\"iit\" class=\"CToWUd\" src=\"https:\/\/ci4.googleusercontent.com\/proxy\/6rF013WfmaagNA6UUwBWVi-QOlU11dVf0yv-0FUXoat-eWg_T2dCT2Bqm0-oViTz_sFg6Ftd4we1eTI5shSs13AzqH1Hd3tkAebb5HOHQAbGIK0QUHCyHR6i4Lb76agyzA0pgVstJNpNJR_bZlymKkXbvpkVPLPYWKoMF6g5BDb-23BBqQuTpOTPGsJIHp1xCQFaovJ1xBa9Hqzi_HR34r-gmfsuS8gk4Xm4Llk2-E--MDC6hZaaMmcZIfD_H4zX3WHy1oX8-OLXdfzfjr1ofPE6CMDh46aBR_mPIoHA7Y4R78NIvvWj8Nj1ZxNABEr4aLjRASUTIta1TXiGC7ErE2gCfFqkvU5lrlgwJFeKk3-SCQsXfmfMjuRjlTly5g41jFUBL-vsPyvZef6vG5qEOh8ABn1Xst4QcW71WHj88Ld8G8fVKZGAwtyNy_gkJp1htnGSrlrJ9ihgo3dYWkcaGczbMB6Y1GTT3RmlxG-fBs1bGzLWFEq0kC1qCfRlilGzulxhnvWccsI1tveHmRTooKGieorrne-lZ_-Zsim0qX6rcEFB6hQmkffwmxMzm3W8OJJe_vm13WOWrnuQ4EUga6AujmT3CC9FVEu9sTe4oqY1-vobVvwC_2H3oLtbOaQicGZ0NabOs56LagDCWiomMUKJRRAqylbyo8iBzw=s0-d-e1-ft#http:\/\/pixel.adsafeprotected.com\/?anId=931566&amp;advId=tag_bbe06d1a-8f49-462f-9272-6c54b6bcca9c&amp;campId=tag_bbe06d1a-8f49-462f-9272-6c54b6bcca9c&amp;pubId=d26d4d48-44f8-454b-ad58-b69be2a0bf8b&amp;chanId=tag_bbe06d1a-8f49-462f-9272-6c54b6bcca9c&amp;placementId=tag_bbe06d1a-8f49-462f-9272-6c54b6bcca9c&amp;dealId=tag_bbe06d1a-8f49-462f-9272-6c54b6bcca9c&amp;adsafe_par&amp;bidurl=https%3A%2F%2Fnetnoticias.mx%2Fjuarez%2Fempieza-a-revertirse-crisis-de-basura-alcalde%2F&amp;ias_xps=tag_bbe06d1a-8f49-462f-9272-6c54b6bcca9c\" alt=\"\"><\/p><\/div><p>En  entrevista a medios de comunicaci\u00f3n el mandatario municipal asegur\u00f3 que  como va la situaci\u00f3n a finales de mes podr\u00edan regularizar por completo  el servicio y para el mes de octubre la situaci\u00f3n estar\u00eda totalmente  controlada.<\/p><blockquote><p>\u201cYa para octubre ser\u00e1 una maravilla porque ya se habr\u00e1 recogido todas las toneladas que estaban rezagadas\u00bb,\u00a0asegur\u00f3.<\/p><\/blockquote><p>Celebr\u00f3 inclusive que hayan estado recibiendo ya algunos comentarios positivos con respecto a la recolecci\u00f3n de basura.<\/p><blockquote><p>\u201cYa  empezamos a recibir felicitaciones de gente que dice que s\u00ed est\u00e1  pasando tres veces a la semana, ya se est\u00e1 empezando a revertir esta  crisis a favor\u201d, dijo.<\/p><\/blockquote> <p><small><a href=\"mailto:damaris.arellanes@radionet1490.com\" target=\"_blank\" rel=\"noopener\">damaris.arellanes@radionet1490.com<\/a><\/small><\/p> <\/div><\/div>       <\/div><\/div><div><a data-saferedirecturl=\"https:\/\/www.google.com\/url?q=https:\/\/netnoticias.mx\/juarez\/empieza-a-revertirse-crisis-de-basura-alcalde\/&amp;source=gmail&amp;ust=1695405682418000&amp;usg=AOvVaw3gXWPLRNRmbz5H3T1V7A-O\" href=\"https:\/\/netnoticias.mx\/juarez\/empieza-a-revertirse-crisis-de-basura-alcalde\/\" target=\"_blank\" rel=\"noopener\">https:\/\/netnoticias.mx\/juarez\/empieza-a-revertirse-crisis-de-basura-alcalde\/<\/a><\/div><\/div><\/div><\/div><\/div><\/div><\/div><\/div><\/div><\/div><\/div><\/div><\/div><\/div><\/div><\/td><\/tr><\/tbody><\/table><\/div><\/div><\/div><\/div><\/div><\/div><\/div><\/div><\/div><\/div><\/div><\/div><\/div><\/div>                              <\/p>\n","protected":false},"excerpt":{"rendered":"<p>Durante los \u00faltimos d\u00edas el \u00edndice de quejas que recibe la Direcci\u00f3n de Limpia por el servicio de recolecci\u00f3n de basura han disminuido, as\u00ed lo asegur\u00f3 el presidente municipal Cruz P\u00e9rez Cu\u00e9llar, quien enfatiz\u00f3 en que se est\u00e1 logrando revertir la crisis de acumulamiento de basura.<\/p>\n","protected":false},"author":1,"featured_media":401,"comment_status":"open","ping_status":"closed","sticky":false,"template":"","format":"standard","meta":{"footnotes":""},"categories":[21],"tags":[],"class_list":["post-400","post","type-post","status-publish","format-standard","has-post-thumbnail","hentry","category-chihuahua"],"_links":{"self":[{"href":"https:\/\/mexicotoxico.org.mx\/noticias\/index.php\/wp-json\/wp\/v2\/posts\/400","targetHints":{"allow":["GET"]}}],"collection":[{"href":"https:\/\/mexicotoxico.org.mx\/noticias\/index.php\/wp-json\/wp\/v2\/posts"}],"about":[{"href":"https:\/\/mexicotoxico.org.mx\/noticias\/index.php\/wp-json\/wp\/v2\/types\/post"}],"author":[{"embeddable":true,"href":"https:\/\/mexicotoxico.org.mx\/noticias\/index.php\/wp-json\/wp\/v2\/users\/1"}],"replies":[{"embeddable":true,"href":"https:\/\/mexicotoxico.org.mx\/noticias\/index.php\/wp-json\/wp\/v2\/comments?post=400"}],"version-history":[{"count":1,"href":"https:\/\/mexicotoxico.org.mx\/noticias\/index.php\/wp-json\/wp\/v2\/posts\/400\/revisions"}],"predecessor-version":[{"id":402,"href":"https:\/\/mexicotoxico.org.mx\/noticias\/index.php\/wp-json\/wp\/v2\/posts\/400\/revisions\/402"}],"wp:featuredmedia":[{"embeddable":true,"href":"https:\/\/mexicotoxico.org.mx\/noticias\/index.php\/wp-json\/wp\/v2\/media\/401"}],"wp:attachment":[{"href":"https:\/\/mexicotoxico.org.mx\/noticias\/index.php\/wp-json\/wp\/v2\/media?parent=400"}],"wp:term":[{"taxonomy":"category","embeddable":true,"href":"https:\/\/mexicotoxico.org.mx\/noticias\/index.php\/wp-json\/wp\/v2\/categories?post=400"},{"taxonomy":"post_tag","embeddable":true,"href":"https:\/\/mexicotoxico.org.mx\/noticias\/index.php\/wp-json\/wp\/v2\/tags?post=400"}],"curies":[{"name":"wp","href":"https:\/\/api.w.org\/{rel}","templated":true}]}}