{"id":389,"date":"2023-09-21T12:53:06","date_gmt":"2023-09-21T18:53:06","guid":{"rendered":"https:\/\/mexicotoxico.org.mx\/noticias\/?p=389"},"modified":"2023-09-21T12:53:06","modified_gmt":"2023-09-21T18:53:06","slug":"cabildo-de-rosarito-se-declara-imposibilitado-para-operar-el-relleno-sanitario","status":"publish","type":"post","link":"https:\/\/mexicotoxico.org.mx\/noticias\/index.php\/2023\/09\/21\/cabildo-de-rosarito-se-declara-imposibilitado-para-operar-el-relleno-sanitario\/","title":{"rendered":"Cabildo de Rosarito se declara imposibilitado para operar el relleno sanitario"},"content":{"rendered":"\n<p>Noticias de Tijuana | EL IMPARCIAL<\/p>\n\n\n\n<p>~2 minutos<\/p>\n\n\n\n<hr class=\"wp-block-separator has-alpha-channel-opacity\"\/>\n\n\n\n<p>Rosarito, BC.- Por mayor\u00eda de votos el <strong>Cabildo de Rosarito<\/strong> declar\u00f3 la imposibilidad e incapacidad t\u00e9cnica y financiera por parte del ayuntamiento para ofrecer el servicio de operaci\u00f3n del relleno sanitario, para la disposici\u00f3n final de los residuos.<\/p>\n\n\n\n<p>A ese respecto el <strong>Secretario de Desarrollo y Servicios Urbanos, <\/strong>Enrique D\u00edaz P\u00e9rez, explic\u00f3 que se est\u00e1 reordenando la disposici\u00f3n final de residuos s\u00f3lidos, debido a que no se contaba con mucha documentaci\u00f3n pues se trata de una <strong>observaci\u00f3n del Orfis.<\/strong><\/p>\n\n\n\n<p>Te puede interesar: <a href=\"https:\/\/www.elimparcial.com\/tijuana\/rosarito\/Buscan-conformar-un-grupo-ambientalista-en-Rosarito-20230816-0028.html\" rel=\"noreferrer noopener\" target=\"_blank\">Buscan conformar un grupo ambientalista en Rosarito<\/a><\/p>\n\n\n\n<p>Refiri\u00f3 que hay un contrato y una extensi\u00f3n de la concesi\u00f3n de recolecci\u00f3n de basura hasta el a\u00f1o 2037, lo que es dif\u00edcil de entender y se paga el contrato de la recolecci\u00f3n y traslado pero no hay una concesi\u00f3n de la disposici\u00f3n final.<\/p>\n\n\n\n<p>Foto: Carmen Guti\u00e9rrez&nbsp;<\/p>\n\n\n\n<h2 class=\"wp-block-heading\">Buscan regularizar el servicio<\/h2>\n\n\n\n<p>Agreg\u00f3 que se busca <strong>regularizar este servicio<\/strong>, pues cada vez se genera m\u00e1s basura y se est\u00e1n siguiendo los procedimientos, como debe de ser.<\/p>\n\n\n\n<p>Te puede interesar: <a href=\"https:\/\/www.elimparcial.com\/tijuana\/rosarito\/Tardara-una-semana-regular-servicio-de-recoleccion-de-basura-en-Rosarito--20220124-0028.html\" rel=\"noreferrer noopener\" target=\"_blank\">Tardar\u00e1 una semana regular servicio de recolecci\u00f3n de basura en Rosarito<\/a><\/p>\n\n\n\n<p>A\u00f1adi\u00f3 ante las dudas de los ediles, que se har\u00e1 una licitaci\u00f3n para que el servicio sea concesionado y no ocasionar\u00eda un doble gasto,, pues si bien la empresa que actualmente presta el servicio hace esa tarea, se abre la posibilidad de que esta misma u otra empresa, participen.<\/p>\n\n\n\n<p><a href=\"https:\/\/www.elimparcial.com\/tijuana\/rosarito\/Cabildo-de-Rosarito-se-declara-imposibilitado-para-operar-el-relleno-sanitario-20230914-0031.html\">https:\/\/www.elimparcial.com\/tijuana\/rosarito\/Cabildo-de-Rosarito-se-declara-imposibilitado-para-operar-el-relleno-sanitario-20230914-0031.html<\/a><\/p>\n","protected":false},"excerpt":{"rendered":"<p>Rosarito, BC.- Por mayor\u00eda de votos el Cabildo de Rosarito declar\u00f3 la imposibilidad e incapacidad t\u00e9cnica y financiera por parte del ayuntamiento para ofrecer el servicio de operaci\u00f3n del relleno sanitario, para la disposici\u00f3n final de los residuos.<\/p>\n","protected":false},"author":1,"featured_media":390,"comment_status":"open","ping_status":"closed","sticky":false,"template":"","format":"standard","meta":{"footnotes":""},"categories":[32],"tags":[],"class_list":["post-389","post","type-post","status-publish","format-standard","has-post-thumbnail","hentry","category-baja-california"],"_links":{"self":[{"href":"https:\/\/mexicotoxico.org.mx\/noticias\/index.php\/wp-json\/wp\/v2\/posts\/389","targetHints":{"allow":["GET"]}}],"collection":[{"href":"https:\/\/mexicotoxico.org.mx\/noticias\/index.php\/wp-json\/wp\/v2\/posts"}],"about":[{"href":"https:\/\/mexicotoxico.org.mx\/noticias\/index.php\/wp-json\/wp\/v2\/types\/post"}],"author":[{"embeddable":true,"href":"https:\/\/mexicotoxico.org.mx\/noticias\/index.php\/wp-json\/wp\/v2\/users\/1"}],"replies":[{"embeddable":true,"href":"https:\/\/mexicotoxico.org.mx\/noticias\/index.php\/wp-json\/wp\/v2\/comments?post=389"}],"version-history":[{"count":1,"href":"https:\/\/mexicotoxico.org.mx\/noticias\/index.php\/wp-json\/wp\/v2\/posts\/389\/revisions"}],"predecessor-version":[{"id":391,"href":"https:\/\/mexicotoxico.org.mx\/noticias\/index.php\/wp-json\/wp\/v2\/posts\/389\/revisions\/391"}],"wp:featuredmedia":[{"embeddable":true,"href":"https:\/\/mexicotoxico.org.mx\/noticias\/index.php\/wp-json\/wp\/v2\/media\/390"}],"wp:attachment":[{"href":"https:\/\/mexicotoxico.org.mx\/noticias\/index.php\/wp-json\/wp\/v2\/media?parent=389"}],"wp:term":[{"taxonomy":"category","embeddable":true,"href":"https:\/\/mexicotoxico.org.mx\/noticias\/index.php\/wp-json\/wp\/v2\/categories?post=389"},{"taxonomy":"post_tag","embeddable":true,"href":"https:\/\/mexicotoxico.org.mx\/noticias\/index.php\/wp-json\/wp\/v2\/tags?post=389"}],"curies":[{"name":"wp","href":"https:\/\/api.w.org\/{rel}","templated":true}]}}