{"id":380,"date":"2023-09-21T12:19:43","date_gmt":"2023-09-21T18:19:43","guid":{"rendered":"https:\/\/mexicotoxico.org.mx\/noticias\/?p=380"},"modified":"2023-09-21T12:19:43","modified_gmt":"2023-09-21T18:19:43","slug":"secretario-de-la-sedema-y-sub-secretario-de-semarnat-hablan-del-relleno-sanitario-regional-video","status":"publish","type":"post","link":"https:\/\/mexicotoxico.org.mx\/noticias\/index.php\/2023\/09\/21\/secretario-de-la-sedema-y-sub-secretario-de-semarnat-hablan-del-relleno-sanitario-regional-video\/","title":{"rendered":"Secretario de la SEDEMA y Sub Secretario de SEMARNAT hablan del relleno sanitario regional | VIDEO"},"content":{"rendered":"\n<p>~3 minutos<\/p>\n\n\n\n<hr class=\"wp-block-separator has-alpha-channel-opacity\"\/>\n\n\n\n<p><strong>Sitio de disposici\u00f3n final de residuos s\u00f3lidos urbanos (Relleno Sanitario Regional)<\/strong>, asignado a Nanchital, tendr\u00e1 una inversi\u00f3n 200 millones de pesos, anuncio realizado por el Secretario de Medio Ambiente, Juan Carlos Contreras, y el Sub Secretario de la <strong>SEMARNAT<\/strong> Alonso Jim\u00e9nez, los especialistas aseguran que no genera un impacto ambiental a la ciudad y se trabajar\u00e1 en el saneamiento del tiradero que s\u00e9 utiliza&nbsp; actualmente.<\/p>\n\n\n\n<p>Durante la ma\u00f1ana del jueves, Juan Carlos Contreras, Secretario de la <strong>SEDEMA<\/strong> y Alonso Jim\u00e9nez, Subsecretario de <strong>SEMARNAT<\/strong>, arribaron al municipio de Nanchital, para informar a los medios de comunicaci\u00f3n parte de los trabajos que se realizaran en el <strong>Sitio de Disposici\u00f3n Final de Residuos S\u00f3lidos Urbanos<\/strong>, proyecto federal que se analiz\u00f3 para su aterrizaje.<\/p>\n\n\n\n<p>Los servidores p\u00fablicos que se encargan de vigilar y efectuar los <strong>tr\u00e1mites correspondientes que se requieren para la operatividad del proyecto<\/strong>, mencionaron que se implementaran mesas de di\u00e1logo y de trabajo en el municipio en los pr\u00f3ximos d\u00edas, mi\u00e9rcoles, jueves y viernes, al tratarse de un proyecto macro que tiene una inversi\u00f3n de 200 millones de pesos.<\/p>\n\n\n\n<blockquote class=\"wp-block-quote is-layout-flow wp-block-quote-is-layout-flow\">\n<p>\u00abBuscamos solucionar el problema de la basura en Veracruz, fomentando la separaci\u00f3n, y sensibilizaci\u00f3n, se trabaja en la disminuci\u00f3n de la cantidad de residuos s\u00f3lidos urbanos que llegar\u00e1n a este sitio de disposici\u00f3n final cumpliendo la norma 083 del <strong>SEMARNAT<\/strong> 2003&#8243;, expres\u00f3 el Secretario de la <strong>SEDEMA<\/strong>, Juan Carlos Contreras.<\/p>\n<\/blockquote>\n\n\n\n<p>De acuerdo a lo expuesto Alonso Jim\u00e9nez, <strong>Subsecretario de SEMARNAT, el proyecto contempla una unidad de manejo ambiental<\/strong> (UMA), centro comunitario, ciclo pista de bici de monta\u00f1a, un peque\u00f1o parque, adem\u00e1s de un centro de separaci\u00f3n de residuos, acompa\u00f1ado de inversi\u00f3n p\u00fablica de la Federaci\u00f3n que ayudar\u00e1n a mejorar las condiciones de infraestructura de la ciudad.<\/p>\n\n\n\n<blockquote class=\"wp-block-quote is-layout-flow wp-block-quote-is-layout-flow\">\n<p>\u00abNanchital fue el elegido al cumplir con ciertas normas, evaluaci\u00f3n de terrenos, proximidad a la ciudadan\u00eda y mantos acu\u00edferos, que fueron analizados, actualmente la zona urbana al tiradero a cielo abierto se encuentra a 654 metros y del COBAEV y el centro integral estar\u00e1 a m\u00e1s de 3 mil metros de ambos lugares\u00bb.<\/p>\n<\/blockquote>\n\n\n\n<p>Por otra parte, es importante mencionar que los <strong>representantes de las dependencias ambientalistas<\/strong>, puntualizaron que la desinformaci\u00f3n respecto al tema, gener\u00f3 el descontento, pero tendr\u00e1n el acercamiento con la ciudadan\u00eda, estudiantes, comerciantes y asociaciones civiles.<\/p>\n\n\n\n<blockquote class=\"wp-block-quote is-layout-flow wp-block-quote-is-layout-flow\">\n<p>\u00abEl principal problema que tenemos que atender en esta ciudad es el saneamiento del predio donde se depositan los residuos s\u00f3lidos urbanos de Nanchital, que tiene m\u00e1s de 40 a\u00f1os operando y solo se est\u00e1 llenando unas barrancas\u00bb.<\/p>\n<\/blockquote>\n\n\n\n<p><a href=\"https:\/\/diariodelistmo.com\/regional\/secretario-de-la-sedema-y-sub-secretario-de-semarnat-hablan-del-relleno-sanitario-regional\/50432797\">https:\/\/diariodelistmo.com\/regional\/secretario-de-la-sedema-y-sub-secretario-de-semarnat-hablan-del-relleno-sanitario-regional\/50432797<\/a><\/p>\n","protected":false},"excerpt":{"rendered":"<p>~3 minutos Sitio de disposici\u00f3n final de residuos s\u00f3lidos urbanos (Relleno Sanitario Regional), asignado a Nanchital, tendr\u00e1 una inversi\u00f3n 200 millones de pesos, anuncio realizado por el Secretario de Medio Ambiente, Juan Carlos Contreras, y el Sub Secretario de la SEMARNAT Alonso Jim\u00e9nez, los especialistas aseguran que no genera un impacto ambiental a la ciudad&#8230;<\/p>\n","protected":false},"author":1,"featured_media":0,"comment_status":"open","ping_status":"closed","sticky":false,"template":"","format":"standard","meta":{"footnotes":""},"categories":[18],"tags":[],"class_list":["post-380","post","type-post","status-publish","format-standard","hentry","category-veracruz"],"_links":{"self":[{"href":"https:\/\/mexicotoxico.org.mx\/noticias\/index.php\/wp-json\/wp\/v2\/posts\/380","targetHints":{"allow":["GET"]}}],"collection":[{"href":"https:\/\/mexicotoxico.org.mx\/noticias\/index.php\/wp-json\/wp\/v2\/posts"}],"about":[{"href":"https:\/\/mexicotoxico.org.mx\/noticias\/index.php\/wp-json\/wp\/v2\/types\/post"}],"author":[{"embeddable":true,"href":"https:\/\/mexicotoxico.org.mx\/noticias\/index.php\/wp-json\/wp\/v2\/users\/1"}],"replies":[{"embeddable":true,"href":"https:\/\/mexicotoxico.org.mx\/noticias\/index.php\/wp-json\/wp\/v2\/comments?post=380"}],"version-history":[{"count":1,"href":"https:\/\/mexicotoxico.org.mx\/noticias\/index.php\/wp-json\/wp\/v2\/posts\/380\/revisions"}],"predecessor-version":[{"id":381,"href":"https:\/\/mexicotoxico.org.mx\/noticias\/index.php\/wp-json\/wp\/v2\/posts\/380\/revisions\/381"}],"wp:attachment":[{"href":"https:\/\/mexicotoxico.org.mx\/noticias\/index.php\/wp-json\/wp\/v2\/media?parent=380"}],"wp:term":[{"taxonomy":"category","embeddable":true,"href":"https:\/\/mexicotoxico.org.mx\/noticias\/index.php\/wp-json\/wp\/v2\/categories?post=380"},{"taxonomy":"post_tag","embeddable":true,"href":"https:\/\/mexicotoxico.org.mx\/noticias\/index.php\/wp-json\/wp\/v2\/tags?post=380"}],"curies":[{"name":"wp","href":"https:\/\/api.w.org\/{rel}","templated":true}]}}