{"id":305,"date":"2023-09-19T06:37:28","date_gmt":"2023-09-19T12:37:28","guid":{"rendered":"https:\/\/mexicotoxico.org.mx\/noticias\/?p=305"},"modified":"2023-09-19T06:37:28","modified_gmt":"2023-09-19T12:37:28","slug":"dia-de-limpieza-de-playas-celebra-evelyn-salgado-con-llamado-a-no-tirar-basura","status":"publish","type":"post","link":"https:\/\/mexicotoxico.org.mx\/noticias\/index.php\/2023\/09\/19\/dia-de-limpieza-de-playas-celebra-evelyn-salgado-con-llamado-a-no-tirar-basura\/","title":{"rendered":"D\u00eda de Limpieza de Playas: Celebra Evelyn Salgado con llamado a no tirar basura"},"content":{"rendered":"\n<p><a href=\"http:\/\/anews.mx\" target=\"_blank\" rel=\"noreferrer noopener\">anews.mx<\/a><\/p>\n\n\n\n<p>~3 minutos<\/p>\n\n\n\n<hr class=\"wp-block-separator has-alpha-channel-opacity\"\/>\n\n\n\n<p>Chilpancingo, Gro., 17 de septiembre del 2023.- La gobernadora de Guerrero, <a href=\"https:\/\/anews.mx\/guerrero\/vamos-a-salir-adelante-somos-mas-los-guerrerenses-que-luchamos-evelyn-salgado\/\" target=\"_blank\" rel=\"noreferrer noopener\">Evelyn Salgado Pineda<\/a> llam\u00f3 este domingo a evitar tirar basura, justo en el marco del <a href=\"https:\/\/www.gob.mx\/profepa\/es\/articulos\/dia-internacional-de-limpieza-de-playas?idiom=es#:~:text=Las%20consecuencias%20de%20las%20actividades,el%20cuidado%20del%20medio%20ambiente.\" target=\"_blank\" rel=\"noreferrer noopener\">D\u00eda Internacional de la Limpieza de Playas<\/a><\/p>\n\n\n\n<p>Lo anterior, lo hizo a trav\u00e9s de una publicaci\u00f3n v\u00eda redes sociales, donde se\u00f1al\u00f3 que se trata de una fecha que \u201cnos convoca a mantener limpia y en buen estado la hermosa bah\u00eda y franja de arena que tiene el Hogar del Sol\u201d.<\/p>\n\n\n\n<blockquote class=\"wp-block-quote is-layout-flow wp-block-quote-is-layout-flow\">\n<p>\u201cNuestro estado es privilegiado por la naturaleza con la que contamos, pero para disfrutarla al m\u00e1ximo necesitamos cuidarla evitando tirar basura\u201dEvelyn Salgado Pineda<\/p>\n<\/blockquote>\n\n\n\n<h2 class=\"wp-block-heading\">Reconoce gobernadora a quienes se dedican al saneamiento de las costas<\/h2>\n\n\n\n<p>En su publicaci\u00f3n, la mandataria aprovech\u00f3 para expresar su reconocimiento a la labor <strong>de todos aquellos trabajadores y voluntarios que se dedican a retirar la basura de las playas guerrerenses.<\/strong><\/p>\n\n\n\n<blockquote class=\"wp-block-quote is-layout-flow wp-block-quote-is-layout-flow\">\n<p>\u201cQuiero reconocer el gran trabajo de quienes d\u00eda a d\u00eda se encargan de mantener limpias y en buen estado nuestras playas; para ustedes mi respeto y profundo agradecimiento\u201dEvelyn Salgado Pineda<\/p>\n<\/blockquote>\n\n\n\n<p><img loading=\"lazy\" decoding=\"async\" width=\"1024\" height=\"768\" alt=\"\" src=\"https:\/\/ci6.googleusercontent.com\/proxy\/3A73u7-JemGTN3rjyTX1tkoZslt2f8ndqvuDv7kyNz9Ls22C7o0TnkjwbY1LOiAj4yLTz1FFWB5jnrxnKcNRHCOGsakDrnpAnqAQP4KDuXhqZys-xZ0KDP5xCTHlKgjfqJQ6sPsadoqxEv3qELxV7eDGBZANRaF2QGbThte8-HDYF_IgmGOONEl4zvGD2qiXmzhUL17iNvds0AYi=s0-d-e1-ft#https:\/\/anews.mx\/wp-content\/uploads\/2023\/09\/DIA-DE-LIMPIEZA-DE-PLAYAS-CELEBRA-EVELYN-SALGADO-CON-LLAMADO-A-NO-TIRAR-BASURA2-1024x768.jpg\"><\/p>\n\n\n\n<h2 class=\"wp-block-heading\">\u00bfPor qu\u00e9 se celebra el D\u00eda Internacional de la Limpieza de Playas?<\/h2>\n\n\n\n<p>El D\u00eda Internacional de la Limpieza de Playas, es una iniciativa global que tiene como objetivo crear conciencia sobre la importancia de mantener limpias las costas, as\u00ed como de preservar la salud de los ecosistemas marinos.<\/p>\n\n\n\n<p>Este evento se celebra anualmente en diferentes pa\u00edses alrededor del mundo y suele tener lugar el tercer s\u00e1bado de septiembre de cada a\u00f1o.<\/p>\n\n\n\n<p>Durante este d\u00eda, voluntarios de todas las edades se re\u00fanen en playas, costas, r\u00edos y otras \u00e1reas acu\u00e1ticas para recoger basura y desechos que han sido arrojados de manera irresponsable o que han llegado a la costa debido a la marea.<\/p>\n\n\n\n<p>Esta actividad no solo ayuda a mejorar la apariencia de las playas, sino que tambi\u00e9n contribuye a la conservaci\u00f3n de la vida marina, ya que muchos animales pueden resultar heridos o morir al ingerir pl\u00e1sticos y otros desechos.<\/p>\n\n\n\n<p>El D\u00eda Internacional de la Limpieza de Playas es una oportunidad para tomar conciencia sobre el impacto de la contaminaci\u00f3n pl\u00e1stica en nuestros oc\u00e9anos y promover pr\u00e1cticas m\u00e1s sostenibles para reducir la generaci\u00f3n de desechos y la contaminaci\u00f3n marina.<\/p>\n\n\n\n<p>Adem\u00e1s, fomenta la participaci\u00f3n comunitaria y el trabajo en equipo en pro de un objetivo ambiental importante.<\/p>\n\n\n\n<figure class=\"wp-block-embed is-type-wp-embed is-provider-anews wp-block-embed-anews\"><div class=\"wp-block-embed__wrapper\">\n<blockquote class=\"wp-embedded-content\" data-secret=\"PfxwrECNgU\"><a href=\"https:\/\/anews.mx\/guerrero\/dia-de-limpieza-de-playas-celebra-evelyn-salgado-con-llamado-a-no-tirar-basura\/\">D\u00eda de Limpieza de Playas: Celebra Evelyn Salgado con llamado a no tirar basura<\/a><\/blockquote><iframe loading=\"lazy\" class=\"wp-embedded-content\" sandbox=\"allow-scripts\" security=\"restricted\" style=\"position: absolute; clip: rect(1px, 1px, 1px, 1px);\" title=\"&#8220;D\u00eda de Limpieza de Playas: Celebra Evelyn Salgado con llamado a no tirar basura&#8221; &#8212; anews\" src=\"https:\/\/anews.mx\/guerrero\/dia-de-limpieza-de-playas-celebra-evelyn-salgado-con-llamado-a-no-tirar-basura\/embed\/#?secret=9c9aaZCLQK#?secret=PfxwrECNgU\" data-secret=\"PfxwrECNgU\" width=\"600\" height=\"338\" frameborder=\"0\" marginwidth=\"0\" marginheight=\"0\" scrolling=\"no\"><\/iframe>\n<\/div><\/figure>\n","protected":false},"excerpt":{"rendered":"<p>Chilpancingo, Gro., 17 de septiembre del 2023.- La gobernadora de Guerrero, Evelyn Salgado Pineda llam\u00f3 este domingo a evitar tirar basura, justo en el marco del D\u00eda Internacional de la Limpieza de Playas<\/p>\n","protected":false},"author":1,"featured_media":306,"comment_status":"open","ping_status":"closed","sticky":false,"template":"","format":"standard","meta":{"footnotes":""},"categories":[5],"tags":[],"class_list":["post-305","post","type-post","status-publish","format-standard","has-post-thumbnail","hentry","category-plasticos"],"_links":{"self":[{"href":"https:\/\/mexicotoxico.org.mx\/noticias\/index.php\/wp-json\/wp\/v2\/posts\/305","targetHints":{"allow":["GET"]}}],"collection":[{"href":"https:\/\/mexicotoxico.org.mx\/noticias\/index.php\/wp-json\/wp\/v2\/posts"}],"about":[{"href":"https:\/\/mexicotoxico.org.mx\/noticias\/index.php\/wp-json\/wp\/v2\/types\/post"}],"author":[{"embeddable":true,"href":"https:\/\/mexicotoxico.org.mx\/noticias\/index.php\/wp-json\/wp\/v2\/users\/1"}],"replies":[{"embeddable":true,"href":"https:\/\/mexicotoxico.org.mx\/noticias\/index.php\/wp-json\/wp\/v2\/comments?post=305"}],"version-history":[{"count":1,"href":"https:\/\/mexicotoxico.org.mx\/noticias\/index.php\/wp-json\/wp\/v2\/posts\/305\/revisions"}],"predecessor-version":[{"id":307,"href":"https:\/\/mexicotoxico.org.mx\/noticias\/index.php\/wp-json\/wp\/v2\/posts\/305\/revisions\/307"}],"wp:featuredmedia":[{"embeddable":true,"href":"https:\/\/mexicotoxico.org.mx\/noticias\/index.php\/wp-json\/wp\/v2\/media\/306"}],"wp:attachment":[{"href":"https:\/\/mexicotoxico.org.mx\/noticias\/index.php\/wp-json\/wp\/v2\/media?parent=305"}],"wp:term":[{"taxonomy":"category","embeddable":true,"href":"https:\/\/mexicotoxico.org.mx\/noticias\/index.php\/wp-json\/wp\/v2\/categories?post=305"},{"taxonomy":"post_tag","embeddable":true,"href":"https:\/\/mexicotoxico.org.mx\/noticias\/index.php\/wp-json\/wp\/v2\/tags?post=305"}],"curies":[{"name":"wp","href":"https:\/\/api.w.org\/{rel}","templated":true}]}}