{"id":288,"date":"2023-09-18T19:14:25","date_gmt":"2023-09-19T01:14:25","guid":{"rendered":"https:\/\/mexicotoxico.org.mx\/noticias\/?p=288"},"modified":"2023-09-18T19:14:25","modified_gmt":"2023-09-19T01:14:25","slug":"destacan-importancia-de-cuidar-el-medioambiente-el-dia-mundial-de-las-playas-en-cancun","status":"publish","type":"post","link":"https:\/\/mexicotoxico.org.mx\/noticias\/index.php\/2023\/09\/18\/destacan-importancia-de-cuidar-el-medioambiente-el-dia-mundial-de-las-playas-en-cancun\/","title":{"rendered":"Destacan importancia de cuidar el medioambiente el D\u00eda Mundial de las Playas, en Canc\u00fan"},"content":{"rendered":"\n<p>Foto: Ana Ram\u00edrez<\/p>\n\n\n\n<p><\/p>\n\n\n\n<p><strong>Ana Ram\u00edrez<\/strong><\/p>\n\n\n\n<p>15\/09\/2023 | Canc\u00fan, Quintana Roo<\/p>\n\n\n\n<p>Las playas se han convertido en el mayor atractivo de Quintana Roo, pero desafortunadamente tambi\u00e9n ha sido uno de los principales receptores de basura y contaminaci\u00f3n, reconocieron tanto el quienes se dedican al rubro ambiental como al tur\u00edstico.&nbsp;<\/p>\n\n\n\n<p>El tercer s\u00e1bado de septiembre se celebra el D\u00eda Mundial de las Playas, un d\u00eda en el que se busca animar a los ciudadanos a incorporarse de manera voluntaria en actividades y labores de mantenimiento ambiental, para la mejora y conservaci\u00f3n de los espacios marino-costeros, mediante la recolecci\u00f3n y clasificaci\u00f3n de desechos s\u00f3lidos en las playas.<\/p>\n\n\n\n<p>\u201cTienen toda la importancia, la gente sigue manifestando venir al sol y playa, por supuesto que somos un destino que se ha diversificado, que tiene muchas m\u00e1s cosas que ofrecer. Nuestro destino es punta de lanza porque siempre hay algo nuevo que ofrecer, pero la gente sigue viniendo al sol y la playa\u201d, asever\u00f3 Miriam Cort\u00e9s, presidente de la Asociaci\u00f3n de Clubes Vacacionales de Quintana Roo .<img decoding=\"async\" src=\"https:\/\/ci6.googleusercontent.com\/proxy\/OFzbjXWFqybqfzfqBijPz87LsBT_RdC0qo97i1fJedd0Vr7AlpQhjxpVn2iPzP0umouPQXF8R-ftAmNPBMZhFqkTH44E6hUpm3-ADynCx_uG0ft6LhAzKDwGFvppnaStS-w=s0-d-e1-ft#https:\/\/arandano.lajornadamaya.mx\/img\/cuerpo-2\/dia-mundial-de-las-playas-2.jpeg\"><\/p>\n\n\n\n<p>Foto: Ana Ram\u00edrez<\/p>\n\n\n\n<p>Las playas, argument\u00f3, son parte fundamental para el turismo en Quintana Roo, es la parte toral de la econom\u00eda de la cual dependen todos, por lo que incluso estim\u00f3 que no debe existir nadie que no se haya dado cuenta del gran valor que tienen, por ello cada vez est\u00e1n m\u00e1s&nbsp; ocupados en su mantenimiento, embellecimiento y en su cuidado.<\/p>\n\n\n\n<p>Sin embargo, la realidad, sobre todo en las playas p\u00fablicas, es que se puede notar a simple vista, la gran cantidad de contaminantes que dejan todos los visitantes, desde basuras grandes, hasta micro pl\u00e1sticos que se forman a trav\u00e9s de tapa roscas y otro tipo de residuos.<\/p>\n\n\n\n<p>\u201cNuestras playas nos dan nuestro recurso econ\u00f3mico principal al estado, entonces como ciudadanos tenemos que evitar tirar pl\u00e1sticos en las calles, porque estos van a llegar a las playas de alguna manera\u201d, advirti\u00f3 Alejandra Mayorga, encargada de Relaciones con la comunidad de Aguakan.<\/p>\n\n\n\n<p>Las colillas de cigarro, incluso, son de los desechos m\u00e1s graves y que aparecen en grandes cantidades a lo largo de toda la costa, todo esto que contamina la arena, el mar, sus ecosistemas y a todas las especies, pues incluso muchos de los ejemplares que consume el ser humano, aparece ya lleno de micro pl\u00e1sticos que han comido a lo largo de sus vidas.<\/p>\n\n\n\n<p>\u201cNuestras playas son nuestro recurso m\u00e1s importante, no s\u00f3lo natural, sino econ\u00f3mico y social, necesitamos las playas para que Canc\u00fan, para que el estado pueda seguir generando y d\u00e1ndonos todo lo que nos da\u201d, enfatiz\u00f3<\/p>\n\n\n\n<p>Edici\u00f3n: Fernando Sierra<\/p>\n\n\n\n<figure class=\"wp-block-embed\"><div class=\"wp-block-embed__wrapper\">\nhttps:\/\/www.lajornadamaya.mx\/quintana-roo\/220621\/destacan-importancia-de-cuidar-el-medioambiente-el-dia-mundial-de-las-playas-septiembre\n<\/div><\/figure>\n","protected":false},"excerpt":{"rendered":"<p>Foto: Ana Ram\u00edrez Ana Ram\u00edrez 15\/09\/2023 | Canc\u00fan, Quintana Roo Las playas se han convertido en el mayor atractivo de Quintana Roo, pero desafortunadamente tambi\u00e9n ha sido uno de los principales receptores de basura y contaminaci\u00f3n, reconocieron tanto el quienes se dedican al rubro ambiental como al tur\u00edstico.&nbsp; El tercer s\u00e1bado de septiembre se celebra&#8230;<\/p>\n","protected":false},"author":1,"featured_media":289,"comment_status":"open","ping_status":"closed","sticky":false,"template":"","format":"standard","meta":{"footnotes":""},"categories":[22],"tags":[],"class_list":["post-288","post","type-post","status-publish","format-standard","has-post-thumbnail","hentry","category-quintana-roo"],"_links":{"self":[{"href":"https:\/\/mexicotoxico.org.mx\/noticias\/index.php\/wp-json\/wp\/v2\/posts\/288","targetHints":{"allow":["GET"]}}],"collection":[{"href":"https:\/\/mexicotoxico.org.mx\/noticias\/index.php\/wp-json\/wp\/v2\/posts"}],"about":[{"href":"https:\/\/mexicotoxico.org.mx\/noticias\/index.php\/wp-json\/wp\/v2\/types\/post"}],"author":[{"embeddable":true,"href":"https:\/\/mexicotoxico.org.mx\/noticias\/index.php\/wp-json\/wp\/v2\/users\/1"}],"replies":[{"embeddable":true,"href":"https:\/\/mexicotoxico.org.mx\/noticias\/index.php\/wp-json\/wp\/v2\/comments?post=288"}],"version-history":[{"count":1,"href":"https:\/\/mexicotoxico.org.mx\/noticias\/index.php\/wp-json\/wp\/v2\/posts\/288\/revisions"}],"predecessor-version":[{"id":290,"href":"https:\/\/mexicotoxico.org.mx\/noticias\/index.php\/wp-json\/wp\/v2\/posts\/288\/revisions\/290"}],"wp:featuredmedia":[{"embeddable":true,"href":"https:\/\/mexicotoxico.org.mx\/noticias\/index.php\/wp-json\/wp\/v2\/media\/289"}],"wp:attachment":[{"href":"https:\/\/mexicotoxico.org.mx\/noticias\/index.php\/wp-json\/wp\/v2\/media?parent=288"}],"wp:term":[{"taxonomy":"category","embeddable":true,"href":"https:\/\/mexicotoxico.org.mx\/noticias\/index.php\/wp-json\/wp\/v2\/categories?post=288"},{"taxonomy":"post_tag","embeddable":true,"href":"https:\/\/mexicotoxico.org.mx\/noticias\/index.php\/wp-json\/wp\/v2\/tags?post=288"}],"curies":[{"name":"wp","href":"https:\/\/api.w.org\/{rel}","templated":true}]}}