{"id":283,"date":"2023-09-16T19:09:20","date_gmt":"2023-09-17T01:09:20","guid":{"rendered":"https:\/\/mexicotoxico.org.mx\/noticias\/?p=283"},"modified":"2023-09-18T19:10:16","modified_gmt":"2023-09-19T01:10:16","slug":"historicamente-nanchitecos-realizan-grito-de-la-independencia-alcaldesa-no-salio-tras-protestas-contra-el-relleno-sanitario-regional","status":"publish","type":"post","link":"https:\/\/mexicotoxico.org.mx\/noticias\/index.php\/2023\/09\/16\/historicamente-nanchitecos-realizan-grito-de-la-independencia-alcaldesa-no-salio-tras-protestas-contra-el-relleno-sanitario-regional\/","title":{"rendered":"Hist\u00f3ricamente nanchitecos realizan grito de la Independencia; Alcaldesa no sali\u00f3 tras protestas contra el Relleno Sanitario Regional"},"content":{"rendered":"\n<p>Elizabeth Avi\u00f1a<\/p>\n\n\n\n<p>2\u20133 minutos<\/p>\n\n\n\n<hr class=\"wp-block-separator has-alpha-channel-opacity\"\/>\n\n\n\n<blockquote class=\"wp-block-quote is-layout-flow wp-block-quote-is-layout-flow\">\n<p>El repudio al proyecto que alojar\u00e1 la basura de Minatitl\u00e1n, Cosoleacaque y Coatzacoalcos, provoc\u00f3 a que la alcaldesa de Nanchital Esmeralda Mora Zamudio nunca saliera a dar la cara y tras concluir la marcha perpetrada por la tarde<\/p>\n<\/blockquote>\n\n\n\n<p><strong>Habitantes de Nanchital dieron las campanadas del grito de independencia con ayuda de una sart\u00e9n luego de que el Gobierno Municipal cancel\u00f3 el evento por la manifestaci\u00f3n que hubo afuera del palacio, en rechazo del nuevo sitio de disposici\u00f3n final que anunci\u00f3 el presidente Andr\u00e9s Manuel L\u00f3pez Obrador.<\/strong><\/p>\n\n\n\n<p>El repudio al proyecto que alojar\u00e1 la basura de Minatitl\u00e1n, Cosoleacaque y Coatzacoalcos, provoc\u00f3 a que la alcaldesa de Nanchital Esmeralda Mora Zamudio nunca saliera a dar la cara y tras concluir la marcha perpetrada por la tarde, los inconformes se concentraron en el parque central para continuar gritando consignas.<\/p>\n\n\n\n<p><strong>TE PUEDE INTERESAR:<a href=\"https:\/\/www.presencia.mx\/nota.aspx?id=199593&amp;s=3\" target=\"_blank\" rel=\"noreferrer noopener\">Marchan pac\u00edficamente contra el Relleno Sanitario Regional en Nanchital<\/a><\/strong><\/p>\n\n\n\n<figure class=\"wp-block-image\"><img loading=\"lazy\" decoding=\"async\" width=\"1024\" height=\"512\" src=\"https:\/\/mexicotoxico.org.mx\/noticias\/wp-content\/uploads\/2023\/09\/image-13.jpeg\" alt=\"\" class=\"wp-image-285\" srcset=\"https:\/\/mexicotoxico.org.mx\/noticias\/wp-content\/uploads\/2023\/09\/image-13.jpeg 1024w, https:\/\/mexicotoxico.org.mx\/noticias\/wp-content\/uploads\/2023\/09\/image-13-300x150.jpeg 300w, https:\/\/mexicotoxico.org.mx\/noticias\/wp-content\/uploads\/2023\/09\/image-13-768x384.jpeg 768w\" sizes=\"auto, (max-width: 1024px) 100vw, 1024px\" \/><\/figure>\n\n\n\n<p><strong>Los nanchitecos aseguraron gritaban \u00abtraidores\u00bb y \u00abfuera mora\u00bb y aseguraban estar en contra de la instalaci\u00f3n del nuevo basurero, por ello tomaron el control del evento y uno de ellos encabez\u00f3 el grito, cantaron el himno nacional y con una sart\u00e9n dieron las campanadas.<\/strong><\/p>\n\n\n\n<p>Es la primera vez en la historia de Nanchital donde la autoridad municipal no sale al balc\u00f3n para encabezar el acto.<\/p>\n\n\n\n<p><strong>TE PUEDE INTERESAR:<a href=\"https:\/\/www.presencia.mx\/nota.aspx?id=199545&amp;s=3\" target=\"_blank\" rel=\"noreferrer noopener\">Nanchital, no ser\u00e1 el patio trasero de ning\u00fan municipio<\/a><\/strong><\/p>\n\n\n\n<figure class=\"wp-block-image\"><img loading=\"lazy\" decoding=\"async\" width=\"1024\" height=\"512\" src=\"https:\/\/mexicotoxico.org.mx\/noticias\/wp-content\/uploads\/2023\/09\/image-14.jpeg\" alt=\"\" class=\"wp-image-286\" srcset=\"https:\/\/mexicotoxico.org.mx\/noticias\/wp-content\/uploads\/2023\/09\/image-14.jpeg 1024w, https:\/\/mexicotoxico.org.mx\/noticias\/wp-content\/uploads\/2023\/09\/image-14-300x150.jpeg 300w, https:\/\/mexicotoxico.org.mx\/noticias\/wp-content\/uploads\/2023\/09\/image-14-768x384.jpeg 768w\" sizes=\"auto, (max-width: 1024px) 100vw, 1024px\" \/><\/figure>\n\n\n\n<p><strong>Hasta el momento ni el Ayuntamiento de Nanchital, ni la alcaldesa se pronunciaron al respecto y solo se limitaron solo a realizar la quema de la pirotecnia y publicar la presentaci\u00f3n de La Sonora Santanera en el estacionamiento de la ExFactor\u00eda.<\/strong><\/p>\n\n\n\n<p>Este s\u00e1bado por la ma\u00f1ana, la alcaldesa fue corrida a gritos del desfile conmemorativo.<\/p>\n\n\n\n<p><\/p>\n\n\n\n<p>Identificador de correlaci\u00f3n:ad7364cc-0e96-4914-80a7-feb0334d5c40<\/p>\n\n\n\n<p><a href=\"https:\/\/www.presencia.mx\/nota.aspx?id=199736&amp;s=3\">https:\/\/www.presencia.mx\/nota.aspx?id=199736&amp;s=3<\/a><\/p>\n","protected":false},"excerpt":{"rendered":"<p>    El repudio al proyecto que alojar\u00e1 la basura de Minatitl\u00e1n, Cosoleacaque y Coatzacoalcos, provoc\u00f3 a que la alcaldesa de Nanchital Esmeralda Mora Zamudio nunca saliera a dar la cara y tras concluir la marcha perpetrada por la tarde<\/p>\n","protected":false},"author":1,"featured_media":284,"comment_status":"open","ping_status":"closed","sticky":false,"template":"","format":"standard","meta":{"footnotes":""},"categories":[18],"tags":[],"class_list":["post-283","post","type-post","status-publish","format-standard","has-post-thumbnail","hentry","category-veracruz"],"_links":{"self":[{"href":"https:\/\/mexicotoxico.org.mx\/noticias\/index.php\/wp-json\/wp\/v2\/posts\/283","targetHints":{"allow":["GET"]}}],"collection":[{"href":"https:\/\/mexicotoxico.org.mx\/noticias\/index.php\/wp-json\/wp\/v2\/posts"}],"about":[{"href":"https:\/\/mexicotoxico.org.mx\/noticias\/index.php\/wp-json\/wp\/v2\/types\/post"}],"author":[{"embeddable":true,"href":"https:\/\/mexicotoxico.org.mx\/noticias\/index.php\/wp-json\/wp\/v2\/users\/1"}],"replies":[{"embeddable":true,"href":"https:\/\/mexicotoxico.org.mx\/noticias\/index.php\/wp-json\/wp\/v2\/comments?post=283"}],"version-history":[{"count":1,"href":"https:\/\/mexicotoxico.org.mx\/noticias\/index.php\/wp-json\/wp\/v2\/posts\/283\/revisions"}],"predecessor-version":[{"id":287,"href":"https:\/\/mexicotoxico.org.mx\/noticias\/index.php\/wp-json\/wp\/v2\/posts\/283\/revisions\/287"}],"wp:featuredmedia":[{"embeddable":true,"href":"https:\/\/mexicotoxico.org.mx\/noticias\/index.php\/wp-json\/wp\/v2\/media\/284"}],"wp:attachment":[{"href":"https:\/\/mexicotoxico.org.mx\/noticias\/index.php\/wp-json\/wp\/v2\/media?parent=283"}],"wp:term":[{"taxonomy":"category","embeddable":true,"href":"https:\/\/mexicotoxico.org.mx\/noticias\/index.php\/wp-json\/wp\/v2\/categories?post=283"},{"taxonomy":"post_tag","embeddable":true,"href":"https:\/\/mexicotoxico.org.mx\/noticias\/index.php\/wp-json\/wp\/v2\/tags?post=283"}],"curies":[{"name":"wp","href":"https:\/\/api.w.org\/{rel}","templated":true}]}}