{"id":276,"date":"2023-09-18T19:01:08","date_gmt":"2023-09-19T01:01:08","guid":{"rendered":"https:\/\/mexicotoxico.org.mx\/noticias\/?p=276"},"modified":"2023-09-18T19:01:08","modified_gmt":"2023-09-19T01:01:08","slug":"tlcan-y-t-mec-redujeron-contaminacion-omc","status":"publish","type":"post","link":"https:\/\/mexicotoxico.org.mx\/noticias\/index.php\/2023\/09\/18\/tlcan-y-t-mec-redujeron-contaminacion-omc\/","title":{"rendered":"TLCAN y T-MEC redujeron contaminaci\u00f3n: OMC"},"content":{"rendered":"\n<p>Cartera| 13\/09\/2023 |01:41 | Actualizada 01:41Ivette Salda\u00f1a Ver perfil<\/p>\n\n\n\n<p><\/p>\n\n\n\n<p>Como resultado de los tratados de libre comercio que estableci\u00f3 M\u00e9xico con Estados Unidos y Canad\u00e1, se lograron reducir las emisiones contaminantes, afirm\u00f3 la Organizaci\u00f3n Mundial del Comercio (OMC).<\/p>\n\n\n\n<p>3\u20134 minutos<\/p>\n\n\n\n<p>Como resultado de los tratados de libre comercio que estableci\u00f3 M\u00e9xico con Estados Unidos y Canad\u00e1, se lograron reducir las emisiones contaminantes, afirm\u00f3 la Organizaci\u00f3n Mundial del Comercio (OMC).<\/p>\n\n\n\n<p>En el Reporte Mundial de Comercio 2023, Reglobalizaci\u00f3n para un seguro, inclusivo y futuro sustentable, el organismo multilateral asegur\u00f3 que se encontr\u00f3 un \u201cfuerte efecto t\u00e9cnico\u201d en la disminuci\u00f3n de las emisiones contaminantes.<\/p>\n\n\n\n<p>\u201cPor ejemplo, despu\u00e9s del Tratado de Libre Comercio de Am\u00e9rica del Norte (TLCAN), la apertura comercial entre M\u00e9xico y Estados Unidos llev\u00f3 a una reducci\u00f3n sustancial de emisiones de PM10 (part\u00edculas s\u00f3lidas o l\u00edquidas de polvo dispersas en la atm\u00f3sfera como cenizas, holl\u00edn, part\u00edculas met\u00e1licas, cemento, entre otras y cuyo di\u00e1metro var\u00eda entre 2.5 y 20 partes por mill\u00f3n) y di\u00f3xido de azufre en plantas de manufactura de Estados Unidos\u201d.<\/p>\n\n\n\n<p>La reducci\u00f3n se registr\u00f3 como respuesta a un aumento en el acceso al mercado mexicano y a la importaci\u00f3n de bienes intermedios disponibles para empresas estadounidenses, lo que tiene que ver con el TLCAN, ahora Tratado entre M\u00e9xico, Estados Unidos y Canad\u00e1 (T-MEC).<\/p>\n\n\n\n<p>La organizaci\u00f3n dio a conocer que la globalizaci\u00f3n y la integraci\u00f3n de cadenas de proveedur\u00eda traen beneficios a las econom\u00edas en crecimiento, desarrollo, y disminuye el impacto al medio ambiente.<\/p>\n\n\n\n<p>Hay efectos positivos del comercio internacional en el medio ambiente, espec\u00edficamente favorece la reducci\u00f3n de emisiones en aire y agua, adem\u00e1s de que disminuye el impacto al cambio clim\u00e1tico, entre otros factores, indic\u00f3 la OMC.<\/p>\n\n\n\n<p>Expuso que la integraci\u00f3n global que domina esta era moderna tiene un dominio fr\u00e1gil y est\u00e1 bajo tensi\u00f3n pues hay pa\u00edses que toman medidas proteccionistas de forma unilateral pues consideran que la globalizaci\u00f3n pone en riesgo a sus econom\u00edas.<\/p>\n\n\n\n<p>A 75 a\u00f1os de que surgi\u00f3 la idea de incrementar la interdependencia entre las naciones para impulsar el comercio y la econom\u00eda, la OMC se\u00f1al\u00f3 que se observan corrientes de pensamiento que ponen en duda esta situaci\u00f3n, a pesar de los beneficios que genera.<\/p>\n\n\n\n<p>\u201cLa narrativa importa en las econom\u00edas y en la pol\u00edtica. El incremento actual de la narrativa en torno al comercio puede contribuir a una erosi\u00f3n gradual del sistema comercial en la OMC\u201d, pero puede provocar un mundo m\u00e1s inseguro, en donde los proveedores sean m\u00e1s vulnerables a los choques externos en lugar de ser m\u00e1s fuertes.<\/p>\n\n\n\n<p>Agreg\u00f3 que el hecho de que los pa\u00edses tomen medidas unilaterales para proteger su comercio puede \u201cfragmentar\u201d a la econom\u00eda mundial. Como, por ejemplo, la imposici\u00f3n de nuevas cuotas compensatorias contra productos de importaci\u00f3n registr\u00f3 un aumento desde 2018.<\/p>\n\n\n\n<figure class=\"wp-block-embed\"><div class=\"wp-block-embed__wrapper\">\nhttps:\/\/www.eluniversal.com.mx\/cartera\/tlcan-y-t-mec-redujeron-contaminacion-omc\/\n<\/div><\/figure>\n","protected":false},"excerpt":{"rendered":"<p>Cartera| 13\/09\/2023 |01:41 | Actualizada 01:41Ivette Salda\u00f1a Ver perfil Como resultado de los tratados de libre comercio que estableci\u00f3 M\u00e9xico con Estados Unidos y Canad\u00e1, se lograron reducir las emisiones contaminantes, afirm\u00f3 la Organizaci\u00f3n Mundial del Comercio (OMC). 3\u20134 minutos Como resultado de los tratados de libre comercio que estableci\u00f3 M\u00e9xico con Estados Unidos y&#8230;<\/p>\n","protected":false},"author":1,"featured_media":281,"comment_status":"open","ping_status":"closed","sticky":false,"template":"","format":"standard","meta":{"footnotes":""},"categories":[27],"tags":[],"class_list":["post-276","post","type-post","status-publish","format-standard","has-post-thumbnail","hentry","category-tratados"],"_links":{"self":[{"href":"https:\/\/mexicotoxico.org.mx\/noticias\/index.php\/wp-json\/wp\/v2\/posts\/276","targetHints":{"allow":["GET"]}}],"collection":[{"href":"https:\/\/mexicotoxico.org.mx\/noticias\/index.php\/wp-json\/wp\/v2\/posts"}],"about":[{"href":"https:\/\/mexicotoxico.org.mx\/noticias\/index.php\/wp-json\/wp\/v2\/types\/post"}],"author":[{"embeddable":true,"href":"https:\/\/mexicotoxico.org.mx\/noticias\/index.php\/wp-json\/wp\/v2\/users\/1"}],"replies":[{"embeddable":true,"href":"https:\/\/mexicotoxico.org.mx\/noticias\/index.php\/wp-json\/wp\/v2\/comments?post=276"}],"version-history":[{"count":1,"href":"https:\/\/mexicotoxico.org.mx\/noticias\/index.php\/wp-json\/wp\/v2\/posts\/276\/revisions"}],"predecessor-version":[{"id":282,"href":"https:\/\/mexicotoxico.org.mx\/noticias\/index.php\/wp-json\/wp\/v2\/posts\/276\/revisions\/282"}],"wp:featuredmedia":[{"embeddable":true,"href":"https:\/\/mexicotoxico.org.mx\/noticias\/index.php\/wp-json\/wp\/v2\/media\/281"}],"wp:attachment":[{"href":"https:\/\/mexicotoxico.org.mx\/noticias\/index.php\/wp-json\/wp\/v2\/media?parent=276"}],"wp:term":[{"taxonomy":"category","embeddable":true,"href":"https:\/\/mexicotoxico.org.mx\/noticias\/index.php\/wp-json\/wp\/v2\/categories?post=276"},{"taxonomy":"post_tag","embeddable":true,"href":"https:\/\/mexicotoxico.org.mx\/noticias\/index.php\/wp-json\/wp\/v2\/tags?post=276"}],"curies":[{"name":"wp","href":"https:\/\/api.w.org\/{rel}","templated":true}]}}