{"id":266,"date":"2023-09-15T09:14:45","date_gmt":"2023-09-15T15:14:45","guid":{"rendered":"https:\/\/mexicotoxico.org.mx\/noticias\/?p=266"},"modified":"2023-09-17T09:40:11","modified_gmt":"2023-09-17T15:40:11","slug":"ofrece-municipio-abrir-los-contratos-por-traslado-de-basura","status":"publish","type":"post","link":"https:\/\/mexicotoxico.org.mx\/noticias\/index.php\/2023\/09\/15\/ofrece-municipio-abrir-los-contratos-por-traslado-de-basura\/","title":{"rendered":"Ofrece municipio abrir los contratos por traslado de basura"},"content":{"rendered":"\n<p>Lisbeth Mej\u00eda Reyes<\/p>\n\n\n\n<p>3\u20134 minutos<\/p>\n\n\n\n<hr class=\"wp-block-separator has-alpha-channel-opacity\"\/>\n\n\n\n<p>Tras la exigencia del \u00d3rgano Garante de Acceso a la Informaci\u00f3n P\u00fablica, Transparencia, Protecci\u00f3n de Datos Personales de Oaxaca (Ogaipo) para que el ayuntamiento de Oaxaca de Ju\u00e1rez hiciera p\u00fablicos los contratos y dem\u00e1s documentaci\u00f3n relativa a los traslados de los desechos a ra\u00edz de la crisis de la basura, el presidente municipal asegur\u00f3 que cumplir\u00e1 tal responsabilidad.<\/p>\n\n\n\n<p>En noviembre de 2022, a ra\u00edz de una solicitud presentada por un ciudadano, el ayuntamiento decidi\u00f3 clasificar como reservada tal informaci\u00f3n. En su momento, se\u00f1al\u00f3 que esto ser\u00eda durante seis meses, por lo que se estimaba que en junio pasado los contratos ya se iban a hacer p\u00fablicos.<\/p>\n\n\n\n<blockquote class=\"wp-block-quote is-layout-flow wp-block-quote-is-layout-flow\">\n<p>Claro que vamos a proporcionar la informaci\u00f3n\u201d, apunt\u00f3 Francisco Mart\u00ednez Neri, presidente municipal. Aunque dijo que el haberla clasificado se deb\u00eda a que en el momento en que se hizo tal solicitud \u201chab\u00eda un problema muy grave\u201d y serio, que incluso deriv\u00f3 en que el entonces gobernador de Puebla, Miguel Barbosa, impidi\u00f3 la llegada de los residuos de la ciudad a aquel estado.<\/p>\n<\/blockquote>\n\n\n\n<blockquote class=\"wp-block-quote is-layout-flow wp-block-quote-is-layout-flow\">\n<p>Hoy estamos en otro momento y hay que dar esa informaci\u00f3n\u201d, agreg\u00f3 el concejal, quien dijo que se har\u00e1n p\u00fablicos incluso el nombre de las empresas contratadas para tal fin.<\/p>\n<\/blockquote>\n\n\n\n<p>El edil detall\u00f3 que aunque se hab\u00eda estimado una cifra mayor como costo de la crisis (de m\u00e1s de 180 millones de pesos), esta se revis\u00f3 y ahora ronda los 169 millones. Esto incluye tanto los traslados de las 350 toneladas diarias como la adquisici\u00f3n de maquinaria y veh\u00edculos para hacer frente a la crisis.<\/p>\n\n\n\n<p>Si bien dijo que el gobierno estatal ya inform\u00f3 de avances en el proyecto del Centro Integral de Revalorizaci\u00f3n de Residuos S\u00f3lidos (CIRRSU), estim\u00f3 que la crisis seguir\u00e1 lo que resta del a\u00f1o y por ello el traslado de desechos se mantendr\u00e1 al menos en este a\u00f1o y muy probablemente en 2024.<\/p>\n\n\n\n<p>De acuerdo con el edil, el volumen de residuos que se trasladan no ha bajado debido a que personas de municipios cercanos abandonan sus desechos en zonas lim\u00edtrofes. E incluso en el play\u00f3n del Atoyac, donde ya se limpi\u00f3 en julio.<\/p>\n\n\n\n<p>Sobre la labor de los recolectores particulares, refiri\u00f3 que es \u201cun asunto\u201d que rebasa la jurisdicci\u00f3n de Oaxaca de Ju\u00e1rez. Sin embargo, se indagan casos de empleados municipales de los que han detectado que reciben desechos de parte de los particulares, aunque no precis\u00f3 cu\u00e1ntos. \u201cEs muy evidente que hay una relaci\u00f3n entre malos servidores p\u00fablicos que se benefician por ese hecho\u201d.<\/p>\n\n\n\n<h2 class=\"wp-block-heading\">O<strong>perativos por fiestas patrias<\/strong><\/h2>\n\n\n\n<p>Ante las fiestas patrias, especialmente del 15 de septiembre, el ayuntamiento capitalino se\u00f1al\u00f3 que junto con el gobierno del estado y la Federaci\u00f3n se implementar\u00e1n operativos de seguridad. Entre estos, \u201carcos de seguridad para evitar que a la zona donde se va a llevar a cabo la festividad se puedan algunos metales o cosas que se traduzcan en alg\u00fan problema\u201d.<\/p>\n\n\n\n<p>Sobre la venta de pirotecnia, remarc\u00f3 que es la Secretar\u00eda de la Defensa Nacional la responsable de vigilar esto, pero que el municipio tambi\u00e9n se coordina en ello. Como municipio, la injerencia es vigilar la venta de estos en el Mercado de Abasto para dar parte a la autoridad correspondiente, en este caso la federaci\u00f3n.<\/p>\n\n\n\n<p><a href=\"https:\/\/imparcialoaxaca.mx\/la-capital\/802022\/ofrece-municipio-abrir-los-contratos-por-traslado-de-basura\/\">https:\/\/imparcialoaxaca.mx\/la-capital\/802022\/ofrece-municipio-abrir-los-contratos-por-traslado-de-basura\/<\/a><\/p>\n","protected":false},"excerpt":{"rendered":"<p>Tras la exigencia del \u00d3rgano Garante de Acceso a la Informaci\u00f3n P\u00fablica, Transparencia, Protecci\u00f3n de Datos Personales de Oaxaca (Ogaipo) para que el ayuntamiento de Oaxaca de Ju\u00e1rez hiciera p\u00fablicos los contratos y dem\u00e1s documentaci\u00f3n relativa a los traslados de los desechos a ra\u00edz de la crisis de la basura, el presidente municipal asegur\u00f3 que cumplir\u00e1 tal responsabilidad.<\/p>\n","protected":false},"author":1,"featured_media":267,"comment_status":"open","ping_status":"closed","sticky":false,"template":"","format":"standard","meta":{"footnotes":""},"categories":[16],"tags":[],"class_list":["post-266","post","type-post","status-publish","format-standard","has-post-thumbnail","hentry","category-oaxaca"],"_links":{"self":[{"href":"https:\/\/mexicotoxico.org.mx\/noticias\/index.php\/wp-json\/wp\/v2\/posts\/266","targetHints":{"allow":["GET"]}}],"collection":[{"href":"https:\/\/mexicotoxico.org.mx\/noticias\/index.php\/wp-json\/wp\/v2\/posts"}],"about":[{"href":"https:\/\/mexicotoxico.org.mx\/noticias\/index.php\/wp-json\/wp\/v2\/types\/post"}],"author":[{"embeddable":true,"href":"https:\/\/mexicotoxico.org.mx\/noticias\/index.php\/wp-json\/wp\/v2\/users\/1"}],"replies":[{"embeddable":true,"href":"https:\/\/mexicotoxico.org.mx\/noticias\/index.php\/wp-json\/wp\/v2\/comments?post=266"}],"version-history":[{"count":1,"href":"https:\/\/mexicotoxico.org.mx\/noticias\/index.php\/wp-json\/wp\/v2\/posts\/266\/revisions"}],"predecessor-version":[{"id":268,"href":"https:\/\/mexicotoxico.org.mx\/noticias\/index.php\/wp-json\/wp\/v2\/posts\/266\/revisions\/268"}],"wp:featuredmedia":[{"embeddable":true,"href":"https:\/\/mexicotoxico.org.mx\/noticias\/index.php\/wp-json\/wp\/v2\/media\/267"}],"wp:attachment":[{"href":"https:\/\/mexicotoxico.org.mx\/noticias\/index.php\/wp-json\/wp\/v2\/media?parent=266"}],"wp:term":[{"taxonomy":"category","embeddable":true,"href":"https:\/\/mexicotoxico.org.mx\/noticias\/index.php\/wp-json\/wp\/v2\/categories?post=266"},{"taxonomy":"post_tag","embeddable":true,"href":"https:\/\/mexicotoxico.org.mx\/noticias\/index.php\/wp-json\/wp\/v2\/tags?post=266"}],"curies":[{"name":"wp","href":"https:\/\/api.w.org\/{rel}","templated":true}]}}