{"id":247,"date":"2023-09-14T08:16:52","date_gmt":"2023-09-14T14:16:52","guid":{"rendered":"https:\/\/mexicotoxico.org.mx\/noticias\/?p=247"},"modified":"2023-09-17T08:17:10","modified_gmt":"2023-09-17T14:17:10","slug":"proxima-semana-iniciaran-foros-sobre-sitio-de-residuos-solidos-en-nanchital-sedema","status":"publish","type":"post","link":"https:\/\/mexicotoxico.org.mx\/noticias\/index.php\/2023\/09\/14\/proxima-semana-iniciaran-foros-sobre-sitio-de-residuos-solidos-en-nanchital-sedema\/","title":{"rendered":"Pr\u00f3xima semana iniciar\u00e1n foros sobre sitio de residuos s\u00f3lidos en Nanchital: Sedema"},"content":{"rendered":"\n<p>Enrique Burgos, 14 de septiembre de 2023<\/p>\n\n\n\n<p>Coatzacoalcos, Ver.- Un avance del cinco por ciento lleva el proyecto t\u00e9cnico del sitio de disposici\u00f3n final de residuos s\u00f3lidos en Nanchital, confirm\u00f3 el titular de la Secretar\u00eda de Medio Ambiente (Sedema) en Veracruz, Juan Carlos Contreras Bautista.<\/p>\n\n\n\n<p>El funcionario estatal ofreci\u00f3 una rueda de prensa junto al subsecretario de Semarnat, Alonso Jim\u00e9nez, quienes anunciaron que la pr\u00f3xima semana iniciar\u00e1n una serie de foros para que los ciudadanos de ese municipio conozcan de qu\u00e9 se trata el tema, incluso sus beneficios.<\/p>\n\n\n\n<p>Los funcionarios acudieron ante la demanda de ciudadanos de Nanchital y de Ixhuatl\u00e1n del Sureste que se han manifestado contra el sitio que anunci\u00f3 hace una semana el presidente Andr\u00e9s Manuel L\u00f3pez Obrador y que alojar\u00e1 la basura de Coatzacoalcos, Minatitl\u00e1n y Cosoleacaque.<\/p>\n\n\n\n<p>Aseguraron que se recibir\u00e1n los residuos en un predio m\u00e1s reducido que el actual que es un tiradero a cielo abierto. En tanto que los ayuntamientos tendr\u00e1n que separar su basura de manera local antes de que llegue al sitio de disposici\u00f3n final.<\/p>\n\n\n\n<p>\u00a9 Derechos Reservados. RTV Radiotelevisi\u00f3n de Veracruz. Contenido obtenido de: https:\/\/www.masnoticias.mx\/proxima-semana-iniciaran-foros-sobre-sitio-de-residuos-solidos-en-nanchital-sedema\/<\/p>\n","protected":false},"excerpt":{"rendered":"<p>Coatzacoalcos, Ver.- Un avance del cinco por ciento lleva el proyecto t\u00e9cnico del sitio de disposici\u00f3n final de residuos s\u00f3lidos en Nanchital, confirm\u00f3 el titular de la Secretar\u00eda de Medio Ambiente (Sedema) en Veracruz, Juan Carlos Contreras Bautista.<\/p>\n<p>\u00a9 Derechos Reservados. RTV Radiotelevisi\u00f3n de Veracruz. Contenido obtenido de: https:\/\/www.masnoticias.mx\/proxima-semana-iniciaran-foros-sobre-sitio-de-residuos-solidos-en-nanchital-sedema\/<\/p>\n","protected":false},"author":1,"featured_media":248,"comment_status":"open","ping_status":"closed","sticky":false,"template":"","format":"standard","meta":{"footnotes":""},"categories":[18],"tags":[],"class_list":["post-247","post","type-post","status-publish","format-standard","has-post-thumbnail","hentry","category-veracruz"],"_links":{"self":[{"href":"https:\/\/mexicotoxico.org.mx\/noticias\/index.php\/wp-json\/wp\/v2\/posts\/247","targetHints":{"allow":["GET"]}}],"collection":[{"href":"https:\/\/mexicotoxico.org.mx\/noticias\/index.php\/wp-json\/wp\/v2\/posts"}],"about":[{"href":"https:\/\/mexicotoxico.org.mx\/noticias\/index.php\/wp-json\/wp\/v2\/types\/post"}],"author":[{"embeddable":true,"href":"https:\/\/mexicotoxico.org.mx\/noticias\/index.php\/wp-json\/wp\/v2\/users\/1"}],"replies":[{"embeddable":true,"href":"https:\/\/mexicotoxico.org.mx\/noticias\/index.php\/wp-json\/wp\/v2\/comments?post=247"}],"version-history":[{"count":1,"href":"https:\/\/mexicotoxico.org.mx\/noticias\/index.php\/wp-json\/wp\/v2\/posts\/247\/revisions"}],"predecessor-version":[{"id":249,"href":"https:\/\/mexicotoxico.org.mx\/noticias\/index.php\/wp-json\/wp\/v2\/posts\/247\/revisions\/249"}],"wp:featuredmedia":[{"embeddable":true,"href":"https:\/\/mexicotoxico.org.mx\/noticias\/index.php\/wp-json\/wp\/v2\/media\/248"}],"wp:attachment":[{"href":"https:\/\/mexicotoxico.org.mx\/noticias\/index.php\/wp-json\/wp\/v2\/media?parent=247"}],"wp:term":[{"taxonomy":"category","embeddable":true,"href":"https:\/\/mexicotoxico.org.mx\/noticias\/index.php\/wp-json\/wp\/v2\/categories?post=247"},{"taxonomy":"post_tag","embeddable":true,"href":"https:\/\/mexicotoxico.org.mx\/noticias\/index.php\/wp-json\/wp\/v2\/tags?post=247"}],"curies":[{"name":"wp","href":"https:\/\/api.w.org\/{rel}","templated":true}]}}