{"id":226,"date":"2023-09-17T07:54:20","date_gmt":"2023-09-17T13:54:20","guid":{"rendered":"https:\/\/mexicotoxico.org.mx\/noticias\/?p=226"},"modified":"2023-09-17T07:54:57","modified_gmt":"2023-09-17T13:54:57","slug":"hacen-conciencia-contra-el-uso-de-plasticos","status":"publish","type":"post","link":"https:\/\/mexicotoxico.org.mx\/noticias\/index.php\/2023\/09\/17\/hacen-conciencia-contra-el-uso-de-plasticos\/","title":{"rendered":"Hacen conciencia contra el uso de pl\u00e1sticos"},"content":{"rendered":"\n<p>omardiazqq<\/p>\n\n\n\n<p>2\u20133 minutos<\/p>\n\n\n\n<hr class=\"wp-block-separator has-alpha-channel-opacity\"\/>\n\n\n\n<figure class=\"wp-block-image\"><img loading=\"lazy\" decoding=\"async\" width=\"1160\" height=\"700\" src=\"https:\/\/mexicotoxico.org.mx\/noticias\/wp-content\/uploads\/2023\/09\/image-8.jpeg\" alt=\"\" class=\"wp-image-228\" srcset=\"https:\/\/mexicotoxico.org.mx\/noticias\/wp-content\/uploads\/2023\/09\/image-8.jpeg 1160w, https:\/\/mexicotoxico.org.mx\/noticias\/wp-content\/uploads\/2023\/09\/image-8-300x181.jpeg 300w, https:\/\/mexicotoxico.org.mx\/noticias\/wp-content\/uploads\/2023\/09\/image-8-1024x618.jpeg 1024w, https:\/\/mexicotoxico.org.mx\/noticias\/wp-content\/uploads\/2023\/09\/image-8-768x463.jpeg 768w\" sizes=\"auto, (max-width: 1160px) 100vw, 1160px\" \/><\/figure>\n\n\n\n<p>Fotos: Santiago Hern\u00e1ndez\/Quadrat\u00edn Quintana Roo<\/p>\n\n\n\n<p>Santiago Hern\u00e1ndez\/Quadrat\u00edn Quintana Roo<\/p>\n\n\n\n<p>CANC\u00daN, QRoo, 13 de septiembre de 2023.- La empresa Aguakan, inici\u00f3 este mi\u00e9rcoles con el el Tercer foro del Agua y Medio Ambiente, menos pl\u00e1sticos, m\u00e1s agua limpia, que se realiza en la Universidad del Caribe de Canc\u00fan los d\u00edas 13, 15 y 19 de septiembre.<img loading=\"lazy\" decoding=\"async\" width=\"567\" height=\"342\" src=\"https:\/\/ci6.googleusercontent.com\/proxy\/bXO8HnPqFZSsLxawds2AyLdP6icZXmhXl-N84MVoPYxE8Eh2W8tCA4_fHdioqOj9JDuiPXVrq5xKcePoyCrq07ynTE1uladQ3tR0NtqgqVsNrrAUat1NcOdW5XZOb4JNU3NP54vtAc6mreCJf__DyXFkvKx9xtvzdEm9Hjh7lOR3TIDQcU0=s0-d-e1-ft#https:\/\/quintanaroo.quadratin.com.mx\/www\/wp-content\/uploads\/2023\/09\/WhatsApp-Image-2023-09-13-at-11.25.01-AM-2.jpeg\" alt=\"\">Foto: Santiago Hern\u00e1ndez\/Quadrat\u00edn Quintana Roo<\/p>\n\n\n\n<p>Aguakan destaca que el foro se realiza el firme compromiso de promover la conciencia ambiental y la preservaci\u00f3n de los recursos naturales en la regi\u00f3n.Este evento se ha convertido en un referente en la regi\u00f3n y se transmite en l\u00ednea para llegar a un p\u00fablico m\u00e1s amplio.<\/p>\n\n\n\n<figure class=\"wp-block-image\"><img loading=\"lazy\" decoding=\"async\" width=\"567\" height=\"342\" src=\"https:\/\/mexicotoxico.org.mx\/noticias\/wp-content\/uploads\/2023\/09\/image-7.jpeg\" alt=\"\" class=\"wp-image-227\" srcset=\"https:\/\/mexicotoxico.org.mx\/noticias\/wp-content\/uploads\/2023\/09\/image-7.jpeg 567w, https:\/\/mexicotoxico.org.mx\/noticias\/wp-content\/uploads\/2023\/09\/image-7-300x181.jpeg 300w\" sizes=\"auto, (max-width: 567px) 100vw, 567px\" \/><\/figure>\n\n\n\n<p>Foto: Santiago Hern\u00e1ndez\/Quadrat\u00edn Quintana Roo<\/p>\n\n\n\n<p>Durante tres d\u00edas, el foro ser\u00e1 un espacio de di\u00e1logo y reflexi\u00f3n en el que expertos, acad\u00e9micos, estudiantes y la comunidad en general se reunir\u00e1n para abordar cuestiones cruciales relacionadas con el agua y el medio ambiente.<\/p>\n\n\n\n<figure class=\"wp-block-image\"><img loading=\"lazy\" decoding=\"async\" width=\"567\" height=\"342\" src=\"https:\/\/mexicotoxico.org.mx\/noticias\/wp-content\/uploads\/2023\/09\/image-9.jpeg\" alt=\"\" class=\"wp-image-229\" srcset=\"https:\/\/mexicotoxico.org.mx\/noticias\/wp-content\/uploads\/2023\/09\/image-9.jpeg 567w, https:\/\/mexicotoxico.org.mx\/noticias\/wp-content\/uploads\/2023\/09\/image-9-300x181.jpeg 300w\" sizes=\"auto, (max-width: 567px) 100vw, 567px\" \/><\/figure>\n\n\n\n<p>Foto: Santiago Hern\u00e1ndez\/Quadrat\u00edn Quintana Roo<\/p>\n\n\n\n<p>El Tercer Foro de Agua y Medio Ambiente cuenta con la participaci\u00f3n de destacados expertos que ofrecen conferencias magistrales, paneles de discusi\u00f3n, talleres y competencias de conocimientos por ejemplo, la Conferencia Magistral Micropl\u00e1sticos y reciclaje a cargo de Ricardo Herb\u00e9 Cruz, Investigador del Cicy Unidad M\u00e9rida.<\/p>\n\n\n\n<figure class=\"wp-block-image\"><img loading=\"lazy\" decoding=\"async\" width=\"1024\" height=\"768\" src=\"https:\/\/mexicotoxico.org.mx\/noticias\/wp-content\/uploads\/2023\/09\/image-10.jpeg\" alt=\"\" class=\"wp-image-230\" srcset=\"https:\/\/mexicotoxico.org.mx\/noticias\/wp-content\/uploads\/2023\/09\/image-10.jpeg 1024w, https:\/\/mexicotoxico.org.mx\/noticias\/wp-content\/uploads\/2023\/09\/image-10-300x225.jpeg 300w, https:\/\/mexicotoxico.org.mx\/noticias\/wp-content\/uploads\/2023\/09\/image-10-768x576.jpeg 768w\" sizes=\"auto, (max-width: 1024px) 100vw, 1024px\" \/><\/figure>\n\n\n\n<p>Foto: Aguakan<\/p>\n\n\n\n<p>Las actividades que forman parte del programa del Tercer Foro de Agua y Medio Ambiente est\u00e1n dise\u00f1adas para fomentar la participaci\u00f3n de acad\u00e9micos, estudiantes y p\u00fablico en general en la discusi\u00f3n y comprensi\u00f3n de temas ambientales cruciales en un espacio de vinculaci\u00f3n y convergencia.<\/p>\n\n\n\n<figure class=\"wp-block-image\"><img loading=\"lazy\" decoding=\"async\" width=\"1600\" height=\"1068\" src=\"https:\/\/mexicotoxico.org.mx\/noticias\/wp-content\/uploads\/2023\/09\/image-11.jpeg\" alt=\"\" class=\"wp-image-231\" srcset=\"https:\/\/mexicotoxico.org.mx\/noticias\/wp-content\/uploads\/2023\/09\/image-11.jpeg 1600w, https:\/\/mexicotoxico.org.mx\/noticias\/wp-content\/uploads\/2023\/09\/image-11-300x200.jpeg 300w, https:\/\/mexicotoxico.org.mx\/noticias\/wp-content\/uploads\/2023\/09\/image-11-1024x684.jpeg 1024w, https:\/\/mexicotoxico.org.mx\/noticias\/wp-content\/uploads\/2023\/09\/image-11-768x513.jpeg 768w, https:\/\/mexicotoxico.org.mx\/noticias\/wp-content\/uploads\/2023\/09\/image-11-1536x1025.jpeg 1536w, https:\/\/mexicotoxico.org.mx\/noticias\/wp-content\/uploads\/2023\/09\/image-11-600x400.jpeg 600w\" sizes=\"auto, (max-width: 1600px) 100vw, 1600px\" \/><\/figure>\n\n\n\n<p>Foto: Aguakan<\/p>\n\n\n\n<p>Ah\u00ed, diversas entidades y personas pueden promover una perspectiva global para valorar la importancia de los espacios naturales saludables. Este evento es un paso hacia la mejora del capital social y la calidad de vida de los habitantes de Quintana Roo.<\/p>\n\n\n\n<hr class=\"wp-block-separator has-alpha-channel-opacity\"\/>\n\n\n\n<p>Reproducci\u00f3n autorizada citando la fuente con el siguiente enlace <a href=\"https:\/\/quintanaroo.quadratin.com.mx\/\" target=\"_blank\" rel=\"noreferrer noopener\">Quadrat\u00edn Quintana Roo.<\/a><\/p>\n","protected":false},"excerpt":{"rendered":"<p>omardiazqq 2\u20133 minutos Fotos: Santiago Hern\u00e1ndez\/Quadrat\u00edn Quintana Roo Santiago Hern\u00e1ndez\/Quadrat\u00edn Quintana Roo CANC\u00daN, QRoo, 13 de septiembre de 2023.- La empresa Aguakan, inici\u00f3 este mi\u00e9rcoles con el el Tercer foro del Agua y Medio Ambiente, menos pl\u00e1sticos, m\u00e1s agua limpia, que se realiza en la Universidad del Caribe de Canc\u00fan los d\u00edas 13, 15 y&#8230;<\/p>\n","protected":false},"author":1,"featured_media":0,"comment_status":"open","ping_status":"closed","sticky":false,"template":"","format":"standard","meta":{"footnotes":""},"categories":[2,22],"tags":[],"class_list":["post-226","post","type-post","status-publish","format-standard","hentry","category-basura","category-quintana-roo"],"_links":{"self":[{"href":"https:\/\/mexicotoxico.org.mx\/noticias\/index.php\/wp-json\/wp\/v2\/posts\/226","targetHints":{"allow":["GET"]}}],"collection":[{"href":"https:\/\/mexicotoxico.org.mx\/noticias\/index.php\/wp-json\/wp\/v2\/posts"}],"about":[{"href":"https:\/\/mexicotoxico.org.mx\/noticias\/index.php\/wp-json\/wp\/v2\/types\/post"}],"author":[{"embeddable":true,"href":"https:\/\/mexicotoxico.org.mx\/noticias\/index.php\/wp-json\/wp\/v2\/users\/1"}],"replies":[{"embeddable":true,"href":"https:\/\/mexicotoxico.org.mx\/noticias\/index.php\/wp-json\/wp\/v2\/comments?post=226"}],"version-history":[{"count":1,"href":"https:\/\/mexicotoxico.org.mx\/noticias\/index.php\/wp-json\/wp\/v2\/posts\/226\/revisions"}],"predecessor-version":[{"id":232,"href":"https:\/\/mexicotoxico.org.mx\/noticias\/index.php\/wp-json\/wp\/v2\/posts\/226\/revisions\/232"}],"wp:attachment":[{"href":"https:\/\/mexicotoxico.org.mx\/noticias\/index.php\/wp-json\/wp\/v2\/media?parent=226"}],"wp:term":[{"taxonomy":"category","embeddable":true,"href":"https:\/\/mexicotoxico.org.mx\/noticias\/index.php\/wp-json\/wp\/v2\/categories?post=226"},{"taxonomy":"post_tag","embeddable":true,"href":"https:\/\/mexicotoxico.org.mx\/noticias\/index.php\/wp-json\/wp\/v2\/tags?post=226"}],"curies":[{"name":"wp","href":"https:\/\/api.w.org\/{rel}","templated":true}]}}