{"id":223,"date":"2023-09-13T07:52:06","date_gmt":"2023-09-13T13:52:06","guid":{"rendered":"https:\/\/mexicotoxico.org.mx\/noticias\/?p=223"},"modified":"2023-09-17T07:52:26","modified_gmt":"2023-09-17T13:52:26","slug":"sin-solucion-el-problema-de-la-basura-en-la-calle-jesus-garcia","status":"publish","type":"post","link":"https:\/\/mexicotoxico.org.mx\/noticias\/index.php\/2023\/09\/13\/sin-solucion-el-problema-de-la-basura-en-la-calle-jesus-garcia\/","title":{"rendered":"SIN SOLUCI\u00d3N EL PROBLEMA DE LA BASURA EN LA CALLE JES\u00daS GARC\u00cdA"},"content":{"rendered":"\n<p><img decoding=\"async\" id=\"undefined\" name=\"undefined\" data-hovercard-id=\"sylks1810@gmail.com\" data-name=\"Sylks S\" aria-hidden=\"true\" class=\"ajn ajo\" style=\"background-color: #cccccc\" src=\"https:\/\/ssl.gstatic.com\/ui\/v1\/icons\/mail\/profile_mask2.png\">    <div class=\"aCi\"><\/div><\/p>\n\n\n\n<p>Ciudadanos contin\u00faan depositando la basura en el camell\u00f3n de esta c\u00e9ntrica calle de la ciudad.<\/p>\n\n\n\n<p>Reportero &#8211; 13 de septiembre de 2023 &#8211; 07:00 pm<\/p>\n\n\n\n<p>Sin respetar los d\u00edas y horarios en que pasa el cami\u00f3n recolector de basura, provocando acumulamiento de desperdicios pr\u00e1cticamente durante todo el d\u00eda dando mala imagen a este sector.<\/p>\n\n\n\n<p><strong>Adem\u00e1s de los malos olores que despiden ante las altas temperaturas que se est\u00e1n registran en la ciudad siendo un foco de infecci\u00f3n en pleno Centro Hist\u00f3rico de Parral.<br><\/strong><\/p>\n\n\n\n<p>Tomando en cuenta que este lugar se encuentra dentro del recorrido del Tranvilla y por lo tanto da mala impresi\u00f3n a los visitantes y turistas que se llevan de nuestra ciudad.<\/p>\n\n\n\n<p>Sin que por el momento haya una soluci\u00f3n a este problema que persiste en este sector que ha prevalecido por varios a\u00f1os, siendo necesario que se le ponga mayor atenci\u00f3n y m\u00e1s ahora que Parral fue declarado Pueblo M\u00e1gico y de esta manera ofrecer una mejor imagen de la ciudad.<\/p>\n\n\n\n<p>\u00a9El Monitor de Parral<br>Fuente: <a href=\"https:\/\/elmonitordeparral.com\/spip.php?article13558\" target=\"_blank\" rel=\"noreferrer noopener\">https:\/\/elmonitordeparral.com\/spip.php?article13558<\/a><\/p>\n\n\n\n<p><div class=\"gE iv gt\"><\/div><div><div class=\"nH\"><div class=\"nH\"><div class=\"nH aqk aql bkL\"><div class=\"nH bkK\"><div class=\"nH\"><div class=\"nH\"><div class=\"nH ar4 z\"><div class=\"aeI\"><div class=\"AO\"><div id=\":3\" class=\"Tm aeJ\"><div id=\":1\" class=\"aeF\"><div class=\"nH\"><div class=\"nH\" role=\"main\"><div class=\"nH g id\"><table class=\"Bs nH iY bAt\" cellpadding=\"0\" role=\"presentation\"><tbody><tr class=\"aTN\"><td class=\"Bu\"><\/td><\/tr><\/tbody><\/table><\/div><\/div><\/div><\/div><\/div><\/div><\/div><\/div><\/div><\/div><\/div><\/div><\/div><\/div><\/div><\/p>\n","protected":false},"excerpt":{"rendered":"<p>Ciudadanos contin\u00faan depositando la basura en el camell\u00f3n de esta c\u00e9ntrica calle de la ciudad. Reportero &#8211; 13 de septiembre de 2023 &#8211; 07:00 pm Sin respetar los d\u00edas y horarios en que pasa el cami\u00f3n recolector de basura, provocando acumulamiento de desperdicios pr\u00e1cticamente durante todo el d\u00eda dando mala imagen a este sector. Adem\u00e1s&#8230;<\/p>\n","protected":false},"author":1,"featured_media":224,"comment_status":"open","ping_status":"closed","sticky":false,"template":"","format":"standard","meta":{"footnotes":""},"categories":[17,1],"tags":[],"class_list":["post-223","post","type-post","status-publish","format-standard","has-post-thumbnail","hentry","category-hidalgo","category-uncategorized"],"_links":{"self":[{"href":"https:\/\/mexicotoxico.org.mx\/noticias\/index.php\/wp-json\/wp\/v2\/posts\/223","targetHints":{"allow":["GET"]}}],"collection":[{"href":"https:\/\/mexicotoxico.org.mx\/noticias\/index.php\/wp-json\/wp\/v2\/posts"}],"about":[{"href":"https:\/\/mexicotoxico.org.mx\/noticias\/index.php\/wp-json\/wp\/v2\/types\/post"}],"author":[{"embeddable":true,"href":"https:\/\/mexicotoxico.org.mx\/noticias\/index.php\/wp-json\/wp\/v2\/users\/1"}],"replies":[{"embeddable":true,"href":"https:\/\/mexicotoxico.org.mx\/noticias\/index.php\/wp-json\/wp\/v2\/comments?post=223"}],"version-history":[{"count":1,"href":"https:\/\/mexicotoxico.org.mx\/noticias\/index.php\/wp-json\/wp\/v2\/posts\/223\/revisions"}],"predecessor-version":[{"id":225,"href":"https:\/\/mexicotoxico.org.mx\/noticias\/index.php\/wp-json\/wp\/v2\/posts\/223\/revisions\/225"}],"wp:featuredmedia":[{"embeddable":true,"href":"https:\/\/mexicotoxico.org.mx\/noticias\/index.php\/wp-json\/wp\/v2\/media\/224"}],"wp:attachment":[{"href":"https:\/\/mexicotoxico.org.mx\/noticias\/index.php\/wp-json\/wp\/v2\/media?parent=223"}],"wp:term":[{"taxonomy":"category","embeddable":true,"href":"https:\/\/mexicotoxico.org.mx\/noticias\/index.php\/wp-json\/wp\/v2\/categories?post=223"},{"taxonomy":"post_tag","embeddable":true,"href":"https:\/\/mexicotoxico.org.mx\/noticias\/index.php\/wp-json\/wp\/v2\/tags?post=223"}],"curies":[{"name":"wp","href":"https:\/\/api.w.org\/{rel}","templated":true}]}}