{"id":209,"date":"2023-09-16T07:25:39","date_gmt":"2023-09-16T13:25:39","guid":{"rendered":"https:\/\/mexicotoxico.org.mx\/noticias\/?p=209"},"modified":"2023-09-17T07:31:01","modified_gmt":"2023-09-17T13:31:01","slug":"servicios-publicos-de-monterrey-recoge-mas-de-25-toneladas-de-basura-durante-festejos-patrios","status":"publish","type":"post","link":"https:\/\/mexicotoxico.org.mx\/noticias\/index.php\/2023\/09\/16\/servicios-publicos-de-monterrey-recoge-mas-de-25-toneladas-de-basura-durante-festejos-patrios\/","title":{"rendered":"Servicios P\u00fablicos de Monterrey recoge m\u00e1s de 25 toneladas de basura durante festejos patrios"},"content":{"rendered":"\n<p><\/p>\n\n\n\n<p>C\u00e9sar Cubero<\/p>\n\n\n\n<p>~3 minutos<\/p>\n\n\n\n<hr class=\"wp-block-separator has-alpha-channel-opacity\"\/>\n\n\n\n<p>Monterrey, Nuevo Le\u00f3n \/ 16.09.2023 19:36:00<\/p>\n\n\n\n<p>Como parte del desfile del 16 de septiembre, el <a href=\"https:\/\/www.milenio.com\/temas\/monterrey\" target=\"_blank\" rel=\"noreferrer noopener\"><strong>Gobierno de Monterre<\/strong><strong>y<\/strong><\/a> particip\u00f3 este s\u00e1bado con varios contingentes en el desfile c\u00edvico-militar, entre ellos los elementos de Servicios P\u00fablicos.<\/p>\n\n\n\n<p>Un primer grupo de m\u00e1s de 200 oficiales de la <strong>Secretar\u00eda de Seguridad y Protecci\u00f3n Ciudadana<\/strong> de las Direcciones de Polic\u00eda, Tr\u00e1nsito, y Protecci\u00f3n Civil, as\u00ed como Cadetes, formaron parte de la conmemoraci\u00f3n.<\/p>\n\n\n\n<p>El \u00faltimo contingente que hizo el recorrido y que fue igualmente ovacionado por los asistentes fue el de poco m\u00e1s de 80 elementos del departamento que no iban propiamente marchando, sino limpiando las calles tras los <strong>festejos patrios<\/strong>.<\/p>\n\n\n\n<p>Seg\u00fan se inform\u00f3, los trabajadores recolectaron este s\u00e1bado m\u00e1s de 25 toneladas de basura durante la limpieza en el centro de la ciudad.<\/p>\n\n\n\n<p>Esto tras realizar dos intervenciones: en la madrugada tras la ceremonia del&nbsp;<a href=\"https:\/\/www.milenio.com\/temas\/grito-de-independencia\" target=\"_blank\" rel=\"noreferrer noopener\"><strong>Grito<\/strong><\/a>&nbsp;y al mediod\u00eda, al concluir el desfile alusivo.<\/p>\n\n\n\n<p>El equipo nocturno de 30 personas recolect\u00f3 m\u00e1s de 15 toneladas de basura, en su mayor\u00eda botes de pl\u00e1stico y bolsas de frituras, del interior y de los alrededores de la <strong>Macroplaza<\/strong>.<\/p>\n\n\n\n<p>M\u00e1s tarde, 80 trabajadores, junto a cuatro barredoras y camiones de tres y media toneladas iban retirando los desechos de las calles.<\/p>\n\n\n\n<p>Gracias a las labores del personal se levantaron otras 10 toneladas de basura de avenidas como Zaragoza, Zuazua, Padre Mier, Cuauht\u00e9moc y Whashington.<\/p>\n\n\n\n<p>Una vez concluida la celebraci\u00f3n y con las arterias limpias, cerca de las 14:00 horas se abri\u00f3 la vialidad en las calles del centro que fueron cerradas durante las fiestas.<\/p>\n\n\n\n<p>Por parte de la <strong>Polic\u00eda de Monterrey <\/strong>estuvieron diferentes grupos operativos como el ciclista, canino, motorizado, tur\u00edstico y de proximidad.<\/p>\n\n\n\n<p>Oficiales de Tr\u00e1nsito del grupo motorizado tambi\u00e9n acudieron; de igual forma los cadetes de la Academia de Polic\u00eda y Centro de Capacitaci\u00f3n Continua.<\/p>\n\n\n\n<p>Adem\u00e1s de participar en el recorrido, los elementos de la corporaci\u00f3n regiomontana formaron parte del dispositivo de seguridad y vialidad que se implement\u00f3 en dicho evento, en coordinaci\u00f3n con las autoridades estatales.<\/p>\n\n\n\n<p>Por parte de <a href=\"https:\/\/www.milenio.com\/temas\/proteccion-civil-nuevo-leon\" target=\"_blank\" rel=\"noreferrer noopener\"><strong>Protecci\u00f3n Civil <\/strong><\/a>asisti\u00f3 medio centenar de rescatistas a bordo de las unidades de respuesta inmediata, cuatrimotos, motos y el veh\u00edculo \u201cdefender\u201d.<\/p>\n\n\n\n<figure class=\"wp-block-image\"><img loading=\"lazy\" decoding=\"async\" width=\"1200\" height=\"678\" src=\"https:\/\/mexicotoxico.org.mx\/noticias\/wp-content\/uploads\/2023\/09\/image-6.jpeg\" alt=\"Luis Donaldo Colosio. Foto: Ra\u00fal Palacios\" class=\"wp-image-211\" srcset=\"https:\/\/mexicotoxico.org.mx\/noticias\/wp-content\/uploads\/2023\/09\/image-6.jpeg 1200w, https:\/\/mexicotoxico.org.mx\/noticias\/wp-content\/uploads\/2023\/09\/image-6-300x170.jpeg 300w, https:\/\/mexicotoxico.org.mx\/noticias\/wp-content\/uploads\/2023\/09\/image-6-1024x579.jpeg 1024w, https:\/\/mexicotoxico.org.mx\/noticias\/wp-content\/uploads\/2023\/09\/image-6-768x434.jpeg 768w\" sizes=\"auto, (max-width: 1200px) 100vw, 1200px\" \/><\/figure>\n\n\n\n<p>ng<\/p>\n\n\n\n<p><a href=\"https:\/\/www.milenio.com\/politica\/comunidad\/servicios-publicos-monterrey-recoge-toneladas-basura-desfile\">https:\/\/www.milenio.com\/politica\/comunidad\/servicios-publicos-monterrey-recoge-toneladas-basura-desfile<\/a><\/p>\n","protected":false},"excerpt":{"rendered":"<p>C\u00e9sar Cubero ~3 minutos Monterrey, Nuevo Le\u00f3n \/ 16.09.2023 19:36:00 Como parte del desfile del 16 de septiembre, el Gobierno de Monterrey particip\u00f3 este s\u00e1bado con varios contingentes en el desfile c\u00edvico-militar, entre ellos los elementos de Servicios P\u00fablicos. Un primer grupo de m\u00e1s de 200 oficiales de la Secretar\u00eda de Seguridad y Protecci\u00f3n Ciudadana&#8230;<\/p>\n","protected":false},"author":1,"featured_media":210,"comment_status":"open","ping_status":"closed","sticky":false,"template":"","format":"standard","meta":{"footnotes":""},"categories":[12],"tags":[],"class_list":["post-209","post","type-post","status-publish","format-standard","has-post-thumbnail","hentry","category-nuevoleon"],"_links":{"self":[{"href":"https:\/\/mexicotoxico.org.mx\/noticias\/index.php\/wp-json\/wp\/v2\/posts\/209","targetHints":{"allow":["GET"]}}],"collection":[{"href":"https:\/\/mexicotoxico.org.mx\/noticias\/index.php\/wp-json\/wp\/v2\/posts"}],"about":[{"href":"https:\/\/mexicotoxico.org.mx\/noticias\/index.php\/wp-json\/wp\/v2\/types\/post"}],"author":[{"embeddable":true,"href":"https:\/\/mexicotoxico.org.mx\/noticias\/index.php\/wp-json\/wp\/v2\/users\/1"}],"replies":[{"embeddable":true,"href":"https:\/\/mexicotoxico.org.mx\/noticias\/index.php\/wp-json\/wp\/v2\/comments?post=209"}],"version-history":[{"count":1,"href":"https:\/\/mexicotoxico.org.mx\/noticias\/index.php\/wp-json\/wp\/v2\/posts\/209\/revisions"}],"predecessor-version":[{"id":212,"href":"https:\/\/mexicotoxico.org.mx\/noticias\/index.php\/wp-json\/wp\/v2\/posts\/209\/revisions\/212"}],"wp:featuredmedia":[{"embeddable":true,"href":"https:\/\/mexicotoxico.org.mx\/noticias\/index.php\/wp-json\/wp\/v2\/media\/210"}],"wp:attachment":[{"href":"https:\/\/mexicotoxico.org.mx\/noticias\/index.php\/wp-json\/wp\/v2\/media?parent=209"}],"wp:term":[{"taxonomy":"category","embeddable":true,"href":"https:\/\/mexicotoxico.org.mx\/noticias\/index.php\/wp-json\/wp\/v2\/categories?post=209"},{"taxonomy":"post_tag","embeddable":true,"href":"https:\/\/mexicotoxico.org.mx\/noticias\/index.php\/wp-json\/wp\/v2\/tags?post=209"}],"curies":[{"name":"wp","href":"https:\/\/api.w.org\/{rel}","templated":true}]}}