{"id":178,"date":"2023-09-11T20:59:37","date_gmt":"2023-09-12T02:59:37","guid":{"rendered":"https:\/\/mexicotoxico.org.mx\/noticias\/?p=178"},"modified":"2023-09-16T21:00:49","modified_gmt":"2023-09-17T03:00:49","slug":"cuitlahuac-responde-a-manifestaciones-contra-relleno-en-nanchital-quien-no-produzca-basura-que-proteste","status":"publish","type":"post","link":"https:\/\/mexicotoxico.org.mx\/noticias\/index.php\/2023\/09\/11\/cuitlahuac-responde-a-manifestaciones-contra-relleno-en-nanchital-quien-no-produzca-basura-que-proteste\/","title":{"rendered":"Cuitl\u00e1huac responde a manifestaciones contra relleno en Nanchital: Quien no produzca basura que proteste"},"content":{"rendered":"\n<p>FERNANDA MALPICA<br>4\u20135 minutos<br><\/p>\n\n\n\n<p>XALAPA, VER.- El presidente Andr\u00e9s Manuel L\u00f3pez Obrador anunci\u00f3 que el basurero a cielo abierto de Las Matas ser\u00e1 sustituido por un relleno sanitario en Nanchital. Se han producido dos manifestaciones hist\u00f3ricas de pobladores que se oponen al proyecto y el gobernador Cuitl\u00e1huac Garc\u00eda arremeti\u00f3 contra los inconformes.<\/p>\n\n\n\n<pre class=\"wp-block-code\"><code>\u201cEl que no arroje basura, que se oponga, el que no produzca basura (\u2026) Quien no produzca basura que tire la primera piedra\u201d, dijo el gobernador de Veracruz.<\/code><\/pre>\n\n\n\n<p>Garc\u00eda Jim\u00e9nez asegur\u00f3 que el basurero a cielo abierto de Las Matas no cumple con los requerimientos para no contaminar, contrario a c\u00f3mo funcionar\u00e1 el nuevo relleno sanitario. Es un lugar \u201cid\u00f3neo, que cumple con la normativa\u201d, dijo el mandatario.<br>Las Matas<\/p>\n\n\n\n<p>El gobernador dijo que los municipios de Coatzacoalcos, Minatitl\u00e1n y Cosoleacaque ya invirtieron en centros de transferencia para hacer los procesos previos antes de que los residuos vayan al nuevo relleno sanitario en Nanchital.<\/p>\n\n\n\n<pre class=\"wp-block-code\"><code>\u201cAh\u00ed ambientalmente ya est\u00e1 impactado, est\u00e1 precisamente al lado del basurero a cielo abierto que tienen en Nanchital. Estas personas que se oponen han contribuido, de manera indirecta, con la basura que producen en sus hogares, a tener ese basurero a cielo abierto.\u201d Contest\u00f3 el gobernador a pobladores de Nanchital que se manifestaron.<\/code><\/pre>\n\n\n\n<p>Garc\u00eda Jim\u00e9nez dijo que \u201cprobablemente\u201d hay un tema pol\u00edtico detr\u00e1s de las protestas. Minimiz\u00f3 las quejas y dijo que se continuar\u00e1n con las labores informativas y de convencimiento a los habitantes de Nanchital.<\/p>\n\n\n\n<p>\u201cNo tenemos por qu\u00e9 incidir (Gobierno Estatal)\u201d, opin\u00f3 el gobernador y dijo que ser\u00eda un problema meramente de autoridades municipales, pero su gobierno decidi\u00f3 invertir 40 millones de pesos, a lo que se suma la inversi\u00f3n federal del presidente L\u00f3pez Obrador.<\/p>\n\n\n\n<p>Desde que el presidente de la rep\u00fablica confirm\u00f3 la instalaci\u00f3n del relleno sanitario regional en Nanchital, municipio ubicado en el sur de Veracruz, un sector de la poblaci\u00f3n se ha levantado en protestas en dos ocasiones.<\/p>\n\n\n\n<p>Las personas inconformes afirman que existe una falta de informaci\u00f3n y opacidad de parte de la alcaldesa de Nanchital, Esmeralda Mora, a quien acusan de negarse a responder los cuestionamientos de la poblaci\u00f3n que se opone al proyecto.<br>Anuncio AMLO<\/p>\n\n\n\n<p>Ya no hacer uso, por ning\u00fan motivo, del basurero de Las Matas, fue el llamado de Andr\u00e9s Manuel L\u00f3pez Obrador durante la conferencia ma\u00f1anera de este martes 5 de septiembre. El presidente anunci\u00f3 que el nuevo relleno sanitario que abastecer\u00e1 a municipios del sur de Veracruz estar\u00e1 instalado en Nanchital.<\/p>\n\n\n\n<p>Desde Palacio Nacional, L\u00f3pez Obrador confirm\u00f3 que el basurero de Las Matas ya fue clausurado definitivamente. El espacio sirve para municipios de Coatzacoalcos, Minatitl\u00e1n y sus alrededores; su cierre, por significar un foco de contaminaci\u00f3n y peligro para la salud, fue una de las promesas del gobierno del presidente.<\/p>\n\n\n\n<p>El nuevo dep\u00f3sito de basura estar\u00e1 instalado en Nanchital. L\u00f3pez Obrador agradeci\u00f3 a los habitantes por su apoyo al aceptar que el basurero sea puesto ah\u00ed, tambi\u00e9n pidi\u00f3 que no se culpe a la presidente municipal Esmeralda Mora Zamudio.<\/p>\n\n\n\n<pre class=\"wp-block-code\"><code>\u201cYa se est\u00e1 iniciando el dep\u00f3sito de basura mediante un tratamiento especial en Nanchital y quiero agradecerle al pueblo de Nanchital por su apoyo porque nadie quiere que le pingan un basurero sin embargo nosotros estamos garantizando que no haya ning\u00fan tipo de contaminaci\u00f3n.\u201d Dijo L\u00f3pez Obrador ante medios de comunicaci\u00f3n. <\/code><\/pre>\n\n\n\n<figure class=\"wp-block-embed\"><div class=\"wp-block-embed__wrapper\">\nhttps:\/\/lasillarota.com\/veracruz\/estado\/2023\/9\/11\/cuitlahuac-defiende-relleno-en-nanchital-reprocha-pobladores-quien-no-produzca-basura-que-proteste-447059.html\n<\/div><\/figure>\n","protected":false},"excerpt":{"rendered":"<p>FERNANDA MALPICA4\u20135 minutos XALAPA, VER.- El presidente Andr\u00e9s Manuel L\u00f3pez Obrador anunci\u00f3 que el basurero a cielo abierto de Las Matas ser\u00e1 sustituido por un relleno sanitario en Nanchital. Se han producido dos manifestaciones hist\u00f3ricas de pobladores que se oponen al proyecto y el gobernador Cuitl\u00e1huac Garc\u00eda arremeti\u00f3 contra los inconformes. Garc\u00eda Jim\u00e9nez asegur\u00f3 que&#8230;<\/p>\n","protected":false},"author":1,"featured_media":179,"comment_status":"open","ping_status":"closed","sticky":false,"template":"","format":"standard","meta":{"footnotes":""},"categories":[2,18],"tags":[],"class_list":["post-178","post","type-post","status-publish","format-standard","has-post-thumbnail","hentry","category-basura","category-veracruz"],"_links":{"self":[{"href":"https:\/\/mexicotoxico.org.mx\/noticias\/index.php\/wp-json\/wp\/v2\/posts\/178","targetHints":{"allow":["GET"]}}],"collection":[{"href":"https:\/\/mexicotoxico.org.mx\/noticias\/index.php\/wp-json\/wp\/v2\/posts"}],"about":[{"href":"https:\/\/mexicotoxico.org.mx\/noticias\/index.php\/wp-json\/wp\/v2\/types\/post"}],"author":[{"embeddable":true,"href":"https:\/\/mexicotoxico.org.mx\/noticias\/index.php\/wp-json\/wp\/v2\/users\/1"}],"replies":[{"embeddable":true,"href":"https:\/\/mexicotoxico.org.mx\/noticias\/index.php\/wp-json\/wp\/v2\/comments?post=178"}],"version-history":[{"count":1,"href":"https:\/\/mexicotoxico.org.mx\/noticias\/index.php\/wp-json\/wp\/v2\/posts\/178\/revisions"}],"predecessor-version":[{"id":180,"href":"https:\/\/mexicotoxico.org.mx\/noticias\/index.php\/wp-json\/wp\/v2\/posts\/178\/revisions\/180"}],"wp:featuredmedia":[{"embeddable":true,"href":"https:\/\/mexicotoxico.org.mx\/noticias\/index.php\/wp-json\/wp\/v2\/media\/179"}],"wp:attachment":[{"href":"https:\/\/mexicotoxico.org.mx\/noticias\/index.php\/wp-json\/wp\/v2\/media?parent=178"}],"wp:term":[{"taxonomy":"category","embeddable":true,"href":"https:\/\/mexicotoxico.org.mx\/noticias\/index.php\/wp-json\/wp\/v2\/categories?post=178"},{"taxonomy":"post_tag","embeddable":true,"href":"https:\/\/mexicotoxico.org.mx\/noticias\/index.php\/wp-json\/wp\/v2\/tags?post=178"}],"curies":[{"name":"wp","href":"https:\/\/api.w.org\/{rel}","templated":true}]}}