{"id":1,"date":"2023-03-27T17:55:00","date_gmt":"2023-03-27T17:55:00","guid":{"rendered":"https:\/\/mexicotoxico.org.mx\/noticias\/?p=1"},"modified":"2023-04-11T23:38:34","modified_gmt":"2023-04-11T23:38:34","slug":"la-basura-destruye-los-manglares-y-contamina-las-playas-de-mazatlan","status":"publish","type":"post","link":"https:\/\/mexicotoxico.org.mx\/noticias\/index.php\/2023\/03\/27\/la-basura-destruye-los-manglares-y-contamina-las-playas-de-mazatlan\/","title":{"rendered":"La basura destruye los manglares y contamina las playas de Mazatl\u00e1n"},"content":{"rendered":"\n<p>Carla Gonz\u00e1lez | El Sol de Mazatl\u00e1n<\/p>\n\n\n\n<p>7\u20139 minutos<\/p>\n\n\n\n<hr class=\"wp-block-separator has-alpha-channel-opacity\"\/>\n\n\n\n<p><strong>Mazatl\u00e1n, Sin.-<\/strong>&nbsp;Cada domingo, desde hace varias semanas,&nbsp;<strong>Ignacio Zatarain<\/strong>&nbsp;acude a la zona de&nbsp;<strong>mangle<\/strong>&nbsp;de la&nbsp;<strong>Isla de la Piedra en Mazatl\u00e1n<\/strong>&nbsp;con el objetivo de&nbsp;<strong>generar<\/strong>&nbsp;un&nbsp;<strong>cambio ecol\u00f3gico<\/strong>, ya que esta parte del sitio&nbsp;<strong>tur\u00edstico<\/strong>&nbsp;es muy diferente a la que se muestra a los&nbsp;<strong>visitantes<\/strong>: un&nbsp;<strong>ecosistema<\/strong>&nbsp;asediado por la&nbsp;<strong>basura<\/strong>.<\/p>\n\n\n\n<p>El&nbsp;<strong>pescador<\/strong>&nbsp;y&nbsp;<strong>buzo<\/strong>&nbsp;de&nbsp;<strong>oficio<\/strong>&nbsp;realiza limpieza&nbsp;<strong>submarina<\/strong>&nbsp;junto con la&nbsp;<strong>organizaci\u00f3n medioambiental MazConCiencia<\/strong>. Con&nbsp;<strong>panga<\/strong>&nbsp;y costales de&nbsp;<strong>arpilla<\/strong>, juntos han logrado extraer&nbsp;<strong>cientos de kilos<\/strong>&nbsp;de&nbsp;<strong>residuos<\/strong>, principalmente&nbsp;<strong>pl\u00e1sticos<\/strong>.<\/p>\n\n\n\n<p><strong>Tambi\u00e9n puedes leer:&nbsp;<\/strong><a href=\"https:\/\/www.elsoldemazatlan.com.mx\/local\/buscan-promover-el-uso-eficiente-y-responsable-del-agua-en-mazatlan-9739716.html\" rel=\"noreferrer noopener\" target=\"_blank\">Buscan promover el uso eficiente y responsable del agua en Mazatl\u00e1n<\/a><\/p>\n\n\n\n<p>Hay una&nbsp;<strong>zona en especial<\/strong>&nbsp;en la que se acumulan los&nbsp;<strong>desechos<\/strong>, por el&nbsp;<strong>relieve<\/strong>&nbsp;de la isla se forma como una especie de \u201c<strong>bolsa<\/strong>\u201d y con los cambios de&nbsp;<strong>marea<\/strong>&nbsp;la basura contenida en el canal de navegaci\u00f3n termina ah\u00ed&nbsp;<strong>atrapada<\/strong>.<\/p>\n\n\n\n<p>En este lugar&nbsp;<strong>desembocan<\/strong>&nbsp;los&nbsp;<strong>esteros de Ur\u00edas y del Infiernillo<\/strong>, dos&nbsp;<strong>humedales<\/strong>&nbsp;de gran importancia&nbsp;<strong>ambiental<\/strong>&nbsp;y&nbsp;<strong>ecol\u00f3gica<\/strong>&nbsp;para el&nbsp;<strong>municipio<\/strong>, pero que tambi\u00e9n son&nbsp;<strong>espacios<\/strong>&nbsp;naturales donde confluyen&nbsp;<strong>actividades sociales<\/strong>,&nbsp;<strong>econ\u00f3micas<\/strong>,&nbsp;<strong>comerciales<\/strong>&nbsp;e&nbsp;<strong>industriales<\/strong>&nbsp;donde muchas de las veces los desechos derivados de dichas&nbsp;<strong>actividades<\/strong>, ya sean&nbsp;<strong>s\u00f3lidos<\/strong>&nbsp;o&nbsp;<strong>l\u00edquidos<\/strong>, van a dar a estos&nbsp;<strong>cuerpos de agua<\/strong>.<\/p>\n\n\n\n<h2 class=\"wp-block-heading\">Los manglares y sus aportes<\/h2>\n\n\n\n<p>Los&nbsp;<strong>manglares<\/strong>&nbsp;son&nbsp;<strong>ecosistemas<\/strong>&nbsp;que se encuentran en zonas de&nbsp;<strong>transici\u00f3n<\/strong>&nbsp;<strong>entre ambientes acu\u00e1ticos y terrestres<\/strong>, mencion\u00f3 la&nbsp;<strong>doctora Olivia Mill\u00e1n Aguilar<\/strong>,&nbsp;<strong>investigadora<\/strong>&nbsp;de la Facultad de&nbsp;<strong>Ciencias del Mar de la Universidad Aut\u00f3noma de Sinaloa<\/strong>.<\/p>\n\n\n\n<p>La importancia de su&nbsp;<strong>preservaci\u00f3n<\/strong>&nbsp;y&nbsp;<strong>conservaci\u00f3n<\/strong>&nbsp;radica en los servicios ecosist\u00e9micos que brindan a la sociedad. Son&nbsp;<strong>productores<\/strong>&nbsp;de&nbsp;<strong>materia prima<\/strong>, adem\u00e1s de funcionar como filtros naturales de contaminantes y barreras de&nbsp;<strong>protecci\u00f3n<\/strong>&nbsp;ante&nbsp;<strong>efectos de huracanes<\/strong>&nbsp;y&nbsp;<strong>oleaje<\/strong>, sin olvidar que son h\u00e1bitat de&nbsp;<strong>muchas especies.<\/strong><\/p>\n\n\n\n<p>\u201c<em>Al ser&nbsp;<strong>vegetaci\u00f3n de humedales<\/strong>, absorben gran parte del&nbsp;<strong>di\u00f3xido<\/strong>&nbsp;de&nbsp;<strong>carbono<\/strong>&nbsp;que se encuentra en la atm\u00f3sfera,&nbsp;<strong>contribuyen<\/strong>&nbsp;al&nbsp;<strong>amortiguamiento<\/strong>&nbsp;del&nbsp;<strong>calentamiento global<\/strong>. Al momento de&nbsp;<strong>absorber<\/strong>&nbsp;el&nbsp;<strong>CO2 atmosf\u00e9rico<\/strong>&nbsp;es como si fuera una especie de enfriamiento, amortigua el calor<\/em>\u201d, mencion\u00f3.<\/p>\n\n\n\n<p>Pero adem\u00e1s tienen un valor est\u00e9tico al&nbsp;<strong>ofrecer<\/strong>&nbsp;<strong>atributos<\/strong>&nbsp;<strong>tur\u00edsticos<\/strong>&nbsp;y un valor cultural, sobre todo en las comunidades ancestrales, por lo que&nbsp;<strong>representan para sus culturas<\/strong>&nbsp;y&nbsp;<strong>tradiciones<\/strong>; tambi\u00e9n son espacios de promoci\u00f3n para la&nbsp;<strong>educaci\u00f3n<\/strong>&nbsp;y la&nbsp;<strong>investigaci\u00f3n<\/strong>.<\/p>\n\n\n\n<p>Sin embargo, los&nbsp;<strong>manglares<\/strong>&nbsp;se han visto&nbsp;<strong>reducidos gradualmente<\/strong>&nbsp;en t\u00e9rminos de estado de salud y de extensi\u00f3n por el desarrollo urbano,&nbsp;<strong>industrial<\/strong>,&nbsp;<strong>descarga<\/strong>&nbsp;de&nbsp;<strong>contaminantes<\/strong>&nbsp;y p\u00e9rdida de biodiversidad. Son muy&nbsp;<strong>sensibles a las modificaciones<\/strong>&nbsp;<strong>f\u00edsicas<\/strong>&nbsp;y&nbsp;<strong>qu\u00edmicas<\/strong>&nbsp;y a la presencia de metales pesados, entre otros&nbsp;<strong>contaminantes org\u00e1nicos<\/strong>.<\/p>\n\n\n\n<h2 class=\"wp-block-heading\">Caso Estero de Ur\u00edas<\/h2>\n\n\n\n<p>El mundo est\u00e1&nbsp;<strong>invadido de pl\u00e1stico<\/strong>, este material est\u00e1&nbsp;<strong>presente<\/strong>&nbsp;en casi todos los productos y art\u00edculos que se&nbsp;<strong>utilizan d\u00eda a d\u00eda<\/strong>, pero el&nbsp;<strong>problema<\/strong>&nbsp;es que no hay un&nbsp;<strong>control<\/strong>&nbsp;en su&nbsp;<strong>consumo<\/strong>&nbsp;ni en el manejo y disposici\u00f3n final que se le da, ya que un gran porcentaje termina como&nbsp;<strong>basura<\/strong>&nbsp;en los&nbsp;<strong>ecosistemas<\/strong>. El&nbsp;<strong>impacto de contaminaci\u00f3n<\/strong>&nbsp;por este tipo de&nbsp;<strong>material<\/strong>&nbsp;es&nbsp;<strong>fuerte<\/strong>.<\/p>\n\n\n\n<p>Desde el La<strong>boratorio de Ecosistemas y Variabilidad Clim\u00e1tica de la Facultad de Ciencias del Mar de Mazatl\u00e1n<\/strong>,&nbsp;<strong>Victoria Sabrina P\u00e9rez Hern\u00e1ndez<\/strong>, estudiante de&nbsp;<strong>doctorado<\/strong>, y Mill\u00e1n Aguilar, realizan un proyecto de investigaci\u00f3n en el&nbsp;<strong>Estero de Ur\u00edas<\/strong>, un humedal que al igual que muchos otros en el pa\u00eds presenta&nbsp;<strong>problemas<\/strong>&nbsp;de&nbsp;<strong>contaminaci\u00f3n<\/strong>&nbsp;muy&nbsp;<strong>notorios<\/strong>.<\/p>\n\n\n\n<p>\u201c<em>Estamos desarrollando una&nbsp;<strong>investigaci\u00f3n<\/strong>, particularmente con&nbsp;<strong>micropl\u00e1sticos<\/strong>&nbsp;que se derivan de la&nbsp;<strong>fragmentaci\u00f3n<\/strong>&nbsp;de los&nbsp;<strong>pl\u00e1sticos<\/strong>, en&nbsp;<strong>Ur\u00edas<\/strong>&nbsp;est\u00e1 muy fuerte la&nbsp;<strong>situaci\u00f3n<\/strong>, tenemos un conteo grande de pl\u00e1sticos que hemos hecho en \u00e1reas muy&nbsp;<strong>peque\u00f1as para el estudio<\/strong>&nbsp;y hemos&nbsp;<strong>encontrado<\/strong>&nbsp;de todo tipo de&nbsp;<strong>pl\u00e1sticos<\/strong><\/em>\u201d, dijo.<\/p>\n\n\n\n<p>En el&nbsp;<strong>proyecto<\/strong>&nbsp;se trabaja con los&nbsp;<strong>micropl\u00e1sticos<\/strong>&nbsp;en el intervalo de uno a&nbsp;<strong>cinco mil\u00edmetros<\/strong>, que por su tama\u00f1o y densidad son&nbsp;<strong>f\u00e1cilmente transportados<\/strong>&nbsp;por el&nbsp;<strong>viento<\/strong>&nbsp;y corrientes de lluvia, deposit\u00e1ndose en los&nbsp;<strong>sedimentos<\/strong>&nbsp;de los&nbsp;<strong>humedales<\/strong>.<\/p>\n\n\n\n<p>Los&nbsp;<strong>objetos pl\u00e1sticos<\/strong>&nbsp;no conservan su&nbsp;<strong>forma original<\/strong>, producto de la&nbsp;<strong>radiaci\u00f3n solar<\/strong>,&nbsp;<strong>salinidad<\/strong>&nbsp;del&nbsp;<strong>agua<\/strong>&nbsp;o&nbsp;<strong>flujos de marea<\/strong>, se empiezan a fragmentar cada vez en part\u00edculas m\u00e1s peque\u00f1as y con el transcurso del tiempo se van&nbsp;<strong>incorporando al ecosistema terrestre y acu\u00e1tico<\/strong>.<\/p>\n\n\n\n<p>\u201c<em>Al estar dentro del&nbsp;<strong>sedimento<\/strong>&nbsp;empieza a crear microclimas, sube la&nbsp;<strong>temperatura<\/strong>&nbsp;afectando las ra\u00edces de las&nbsp;<strong>plantas<\/strong>&nbsp;y&nbsp;<strong>microorganismos<\/strong>; afecta la&nbsp;<strong>humedad<\/strong>,&nbsp;<strong>densidad<\/strong>&nbsp;del&nbsp;<strong>suelo<\/strong>, todas estas caracter\u00edsticas repercuten en la&nbsp;<strong>microbiota<\/strong>&nbsp;(<strong>comunidad microbiana, en la fauna y vegetaci\u00f3n<\/strong>&nbsp;de esa zona<\/em>\u201d, dijo&nbsp;<strong>P\u00e9rez Hern\u00e1ndez<\/strong>.<\/p>\n\n\n\n<p>Los&nbsp;<strong>pl\u00e1sticos<\/strong>&nbsp;pueden&nbsp;<strong>durar meses<\/strong>&nbsp;y meses en el&nbsp;<strong>ambiente<\/strong>, algunos&nbsp;<strong>materiales<\/strong>&nbsp;tardan hasta&nbsp;<strong>300<\/strong>&nbsp;<strong>a\u00f1os en degradarse<\/strong>.<\/p>\n\n\n\n<h2 class=\"wp-block-heading\">Del estero a la mesa<\/h2>\n\n\n\n<p>Los&nbsp;<strong>esteros<\/strong>&nbsp;son&nbsp;<strong>reservas naturales<\/strong>&nbsp;para&nbsp;<strong>desarrollar<\/strong>&nbsp;la&nbsp;<strong>actividad<\/strong>&nbsp;<strong>pesquera<\/strong>&nbsp;pero, \u00bfqu\u00e9 pasa cuando las&nbsp;<strong>diminutas part\u00edculas<\/strong>&nbsp;de&nbsp;<strong>pl\u00e1stico<\/strong>&nbsp;son consumidas por la&nbsp;<strong>fauna del lugar<\/strong>, especialmente&nbsp;<strong>peces<\/strong>?<\/p>\n\n\n\n<p>\u201c<em>Hay un&nbsp;<strong>estudio<\/strong>&nbsp;<strong>grande<\/strong>&nbsp;que se hizo en el&nbsp;<strong>Estero de Ur\u00edas<\/strong>, donde se capturaron&nbsp;<strong>diferentes especies<\/strong>, m\u00e1s de mil&nbsp;<strong>organismos<\/strong>&nbsp;de&nbsp;<strong>peces<\/strong>, para analizar&nbsp;<strong>micropl\u00e1sticos<\/strong>&nbsp;en el&nbsp;<strong>contenido<\/strong>&nbsp;<strong>estomacal<\/strong>&nbsp;y se encontraron un&nbsp;<strong>gran porcentaje<\/strong><\/em>\u201d, detall\u00f3.<\/p>\n\n\n\n<p>El&nbsp;<strong>pargo, jurel y curvina<\/strong>, fueron algunas especies&nbsp;<strong>estudiadas<\/strong>. Los resultados arrojaron que el&nbsp;<strong>micropl\u00e1stico<\/strong>&nbsp;<strong>afecta la salud<\/strong>&nbsp;de los&nbsp;<strong>organismos<\/strong>&nbsp;a trav\u00e9s del&nbsp;<strong>sistema neurol\u00f3gico<\/strong>&nbsp;o&nbsp;<strong>locomotor<\/strong>, ya sea porque se&nbsp;<strong>ingiere<\/strong>&nbsp;como&nbsp;<strong>alimento<\/strong>&nbsp;o se acumul\u00f3 en las&nbsp;<strong>branquias y en el tejido<\/strong>.<\/p>\n\n\n\n<p>De manera&nbsp;<strong>indirecta<\/strong>, precis\u00f3&nbsp;<strong>Mill\u00e1n Aguilar<\/strong>, quienes&nbsp;<strong>adquieren<\/strong>&nbsp;<strong>pescados<\/strong>&nbsp;con estas&nbsp;<strong>condiciones<\/strong>&nbsp;pueden&nbsp;<strong>estar consumiendo micropl\u00e1stico<\/strong>, causando&nbsp;<strong>efectos al cuerpo humano<\/strong>, pues los&nbsp;<strong>pl\u00e1sticos<\/strong>&nbsp;tambi\u00e9n tienen un&nbsp;<strong>aporte qu\u00edmico<\/strong>&nbsp;por la forma en la que son&nbsp;<strong>elaborados<\/strong>&nbsp;que al&nbsp;<strong>liberarse<\/strong>&nbsp;en el&nbsp;<strong>organismo humano<\/strong>&nbsp;ocasionan&nbsp;<strong>da\u00f1os renales<\/strong>, en el&nbsp;<strong>sistema nervioso<\/strong>, inhibiendo la&nbsp;<strong>reproducci\u00f3n<\/strong>&nbsp;<strong>celular<\/strong>, entre otros&nbsp;<strong>padecimientos<\/strong>.<\/p>\n\n\n\n<p>\u201c<em>Nosotros estamos&nbsp;<strong>analizando<\/strong>&nbsp;<strong>pl\u00e1sticos<\/strong>&nbsp;en el&nbsp;<strong>intervalo<\/strong>&nbsp;de&nbsp;<strong>1 a 5 mil\u00edmetros<\/strong>, es decir, todav\u00eda lo alcanzas a ver, pero esos&nbsp;<strong>pl\u00e1sticos<\/strong>&nbsp;todav\u00eda se est\u00e1n&nbsp;<strong>fragmentando<\/strong>&nbsp;m\u00e1s y est\u00e1n a un grado de ser&nbsp;<strong>nanopl\u00e1sticos<\/strong>, ya no ser&nbsp;<strong>perceptibles<\/strong>&nbsp;a la&nbsp;<strong>vista<\/strong>&nbsp;y son probablemente los que est\u00e1n llegando en los&nbsp;<strong>alimentos<\/strong>&nbsp;que&nbsp;<strong>consumimos<\/strong><\/em>\u201d, apunt\u00f3.<\/p>\n\n\n\n<h2 class=\"wp-block-heading\">Colapso ambiental<\/h2>\n\n\n\n<p>El&nbsp;<strong>Estero de Ur\u00edas<\/strong>, al igual que otros&nbsp;<strong>ecosistemas<\/strong>, puede sufrir un&nbsp;<strong>colapso ambiental<\/strong>&nbsp;si la tendencia de&nbsp;<strong>desarrollo urbano<\/strong>,&nbsp;<strong>industrial<\/strong>&nbsp;y de&nbsp;<strong>contaminaci\u00f3n<\/strong>&nbsp;no cambia en un&nbsp;<strong>periodo corto<\/strong>&nbsp;de&nbsp;<strong>tiempo<\/strong>.<\/p>\n\n\n\n<p>\u201c<em>Si se sigue con esas&nbsp;<strong>actividades<\/strong>&nbsp;como se llevan ahora con toda la carga&nbsp;<strong>antropog\u00e9nica<\/strong>&nbsp;sin hacer cambios en los&nbsp;<strong>h\u00e1bitos de consumo<\/strong>, el&nbsp;<strong>Estero de Ur\u00edas<\/strong>&nbsp;puede llegar a un punto de colapso. La poblaci\u00f3n no est\u00e1&nbsp;<strong>disminuyendo<\/strong>, est\u00e1 aumentando, la&nbsp;<strong>carga humana<\/strong>&nbsp;es m\u00e1s grande y el pl\u00e1stico se utiliza para todo<\/em>\u201d, resalt\u00f3.<\/p>\n\n\n\n<p>Los&nbsp;<strong>esfuerzos<\/strong>&nbsp;nunca van a ser&nbsp;<strong>suficientes<\/strong>, indic\u00f3, si los que generan esa basura no dejan de hacerlo.<\/p>\n\n\n\n<p>En las&nbsp;<strong>exploraciones<\/strong>&nbsp;de&nbsp;<strong>campo<\/strong>&nbsp;se han encontrado todo tipo de&nbsp;<strong>pl\u00e1sticos<\/strong>,&nbsp;<strong>muebles<\/strong>,&nbsp;<strong>madera<\/strong>, cuerdas de barcos incrustadas en los&nbsp;<strong>sedimentos<\/strong>,&nbsp;<strong>defensas de carros, zapatos<\/strong>,&nbsp;<strong>sandalias<\/strong>&nbsp;e infinidad de&nbsp;<strong>envases<\/strong>,&nbsp;<strong>botellas<\/strong>&nbsp;y contenedores de diferentes tama\u00f1os que en conjunto hacen un&nbsp;<strong>da\u00f1o<\/strong>&nbsp;<strong>irreparable al ecosistema<\/strong>.<\/p>\n\n\n\n<h2 class=\"wp-block-heading\">Datos<\/h2>\n\n\n\n<p><strong>700 hect\u00e1reas<\/strong>&nbsp;de&nbsp;<strong>mangle<\/strong>&nbsp;existen en el&nbsp;<strong>Estero de Ur\u00edas<\/strong>.<\/p>\n\n\n\n<p><strong>300 a\u00f1os<\/strong>&nbsp;tardan en&nbsp;<strong>degradarse<\/strong>&nbsp;algunos&nbsp;<strong>materiales<\/strong>&nbsp;que terminan como&nbsp;<strong>desechos en los esteros<\/strong>&nbsp;del&nbsp;<strong>puerto<\/strong>.<\/p>\n\n\n\n<h2 class=\"wp-block-heading\">El proyecto<\/h2>\n\n\n\n<p><strong>Victoria Sabrina P\u00e9rez Hern\u00e1ndez&nbsp;<\/strong>es&nbsp;<strong>estudiante&nbsp;<\/strong>del&nbsp;<strong>Doctorado&nbsp;<\/strong>en<strong>&nbsp;Ciencias en Recursos Acu\u00e1ticos en la Facimar<\/strong>; junto con la doctora Olivia Mill\u00e1n Aguilar, llevan a cabo un&nbsp;<strong>proyecto de investigaci\u00f3n<\/strong>&nbsp;en el&nbsp;<strong>Estero de Ur\u00edas<\/strong>&nbsp;donde se hace un conteo de&nbsp;<strong>micropl\u00e1sticos&nbsp;<\/strong>de acuerdo a una&nbsp;<strong>superficie determinada<\/strong>.<\/p>\n\n\n\n<figure class=\"wp-block-embed\"><div class=\"wp-block-embed__wrapper\">\nhttps:\/\/www.elsoldemazatlan.com.mx\/local\/la-basura-destruye-los-manglares-y-contamina-las-playas-de-mazatlan-9823646.html\n<\/div><\/figure>\n","protected":false},"excerpt":{"rendered":"<p>Mazatl\u00e1n, Sin.- Cada domingo, desde hace varias semanas, Ignacio Zatarain acude a la zona de mangle de la Isla de la Piedra en Mazatl\u00e1n con el objetivo de generar un cambio ecol\u00f3gico, ya que esta parte del sitio tur\u00edstico es muy diferente a la que se muestra a los visitantes: un ecosistema asediado por la basura.<\/p>\n<p>El pescador y buzo de oficio realiza limpieza submarina junto con la organizaci\u00f3n medioambiental MazConCiencia. Con panga y costales de arpilla, juntos han logrado extraer cientos de kilos de residuos, principalmente pl\u00e1sticos.<\/p>\n","protected":false},"author":1,"featured_media":7,"comment_status":"open","ping_status":"closed","sticky":false,"template":"","format":"standard","meta":{"footnotes":""},"categories":[2,3],"tags":[],"class_list":["post-1","post","type-post","status-publish","format-standard","has-post-thumbnail","hentry","category-basura","category-sinaloa"],"_links":{"self":[{"href":"https:\/\/mexicotoxico.org.mx\/noticias\/index.php\/wp-json\/wp\/v2\/posts\/1","targetHints":{"allow":["GET"]}}],"collection":[{"href":"https:\/\/mexicotoxico.org.mx\/noticias\/index.php\/wp-json\/wp\/v2\/posts"}],"about":[{"href":"https:\/\/mexicotoxico.org.mx\/noticias\/index.php\/wp-json\/wp\/v2\/types\/post"}],"author":[{"embeddable":true,"href":"https:\/\/mexicotoxico.org.mx\/noticias\/index.php\/wp-json\/wp\/v2\/users\/1"}],"replies":[{"embeddable":true,"href":"https:\/\/mexicotoxico.org.mx\/noticias\/index.php\/wp-json\/wp\/v2\/comments?post=1"}],"version-history":[{"count":1,"href":"https:\/\/mexicotoxico.org.mx\/noticias\/index.php\/wp-json\/wp\/v2\/posts\/1\/revisions"}],"predecessor-version":[{"id":8,"href":"https:\/\/mexicotoxico.org.mx\/noticias\/index.php\/wp-json\/wp\/v2\/posts\/1\/revisions\/8"}],"wp:featuredmedia":[{"embeddable":true,"href":"https:\/\/mexicotoxico.org.mx\/noticias\/index.php\/wp-json\/wp\/v2\/media\/7"}],"wp:attachment":[{"href":"https:\/\/mexicotoxico.org.mx\/noticias\/index.php\/wp-json\/wp\/v2\/media?parent=1"}],"wp:term":[{"taxonomy":"category","embeddable":true,"href":"https:\/\/mexicotoxico.org.mx\/noticias\/index.php\/wp-json\/wp\/v2\/categories?post=1"},{"taxonomy":"post_tag","embeddable":true,"href":"https:\/\/mexicotoxico.org.mx\/noticias\/index.php\/wp-json\/wp\/v2\/tags?post=1"}],"curies":[{"name":"wp","href":"https:\/\/api.w.org\/{rel}","templated":true}]}}